{"id":86252,"date":"2017-11-28T19:35:55","date_gmt":"2017-11-28T21:35:55","guid":{"rendered":"http:\/\/diarioregionaljf.com.br\/2017\/11\/28\/defesa-civil-registra-oito-ocorrencias-devido-as-fortes-chuvas-de-segunda-feira\/"},"modified":"2017-11-28T19:35:55","modified_gmt":"2017-11-28T21:35:55","slug":"defesa-civil-registra-oito-ocorrencias-devido-as-fortes-chuvas-de-segunda-feira","status":"publish","type":"post","link":"https:\/\/diarioregionaldigital.com.br\/?p=86252","title":{"rendered":"Defesa Civil registra oito ocorr\u00eancias devido \u00e0s fortes chuvas de segunda-feira"},"content":{"rendered":"<p>A Defesa Civil de Juiz de Fora recebeu oito chamados por causa das fortes chuvas dessa segunda-feira, 27. Do total, quatro ocorr\u00eancias foram registradas na zona Norte, duas na Sul e duas na Leste.<\/p>\n<p>Em um dos casos, registrado no bairro Ipiranga, regi\u00e3o sul, um muro desabou na Rua Licinio Pereira Cortes. O desabamento foi causado por uma escava\u00e7\u00e3o irregular, que deixou oca a escada de acesso a um im\u00f3vel. A fam\u00edlia foi levada para a casa de parentes, mas j\u00e1 retornou, ap\u00f3s avalia\u00e7\u00e3o da Defesa Civil no local.<\/p>\n<p>Conforme informa\u00e7\u00f5es do \u00f3rg\u00e3o, o propriet\u00e1rio do terreno foi orientado a fazer o escoramento da escada e construir uma passarela de madeira provis\u00f3ria, para o vizinho n\u00e3o ficar sem acesso. A escada dever\u00e1 ser reconstruida.<\/p>\n<p>No bairro S\u00e3o Judas Tadeu, houve escorregamento de um talude na Rua Ivan da Veiga Figueiredo. O deslizamento atingiu o passeio e uma \u00e1rvore caiu no barranco. Nesta ter\u00e7a-feira, 28, uma equipe do Corpo de Bombeiros efetuou o corte da \u00e1rvore e a Cesama fez os reparos na rede de \u00e1gua, que rompeu com o deslizamento.<\/p>\n<p>Segundo a Defesa Civil, o morador da casa acima do talude foi orientado a fazer a capta\u00e7\u00e3o da \u00e1gua da chuva, pois a mesma est\u00e1 sendo direcionada para o barranco, podendo ocasionar o encharcamento do mesmo. O im\u00f3vel foi vistoriado e nenhuma trinca foi localizada, n\u00e3o havendo riscos.<\/p>\n<p>Os moradores do entorno tamb\u00e9m foram orientados a ficar atentos e acionar o \u00f3rg\u00e3o ao sinal de qualquer problema, pois h\u00e1 riscos de novos deslizamentos.<\/p>\n<p>Outro deslizamento foi registrado na Rua Nicomedes Pereira Almeida, no bairro Santa Cruz, zona Norte. Um engenheiro da Defesa Civil esteve no local e orientou a moradora a sair do im\u00f3vel, devido a previs\u00e3o de fortes chuvas para esta noite. De acordo com informa\u00e7\u00f5es do \u00f3rg\u00e3o, o terreno possui um talude frontal e um aos fundos da resid\u00eancia, que n\u00e3o tem canaliza\u00e7\u00e3o. A \u00e1gua da chuva desceu por ele em dire\u00e7\u00e3o ao talude frontal, causando o deslizamento do mesmo. A \u00e1rea ser\u00e1 monitorada.<\/p>\n<p>&nbsp;<\/p>\n<h4>VOLUME DE CHUVAS<\/h4>\n<p>Segundo dados das esta\u00e7\u00f5es pluviom\u00e9tricas do Centro Nacional de Monitoramento e Alertas de Desastres Naturais (Cemaden), Juiz de Fora registrou m\u00e9dia de 36,43 mm de chuva nas \u00faltimas 24h. O bairro Nova Era foi o que teve maior volume de precipita\u00e7\u00f5es (82,74 mm), seguido dos bairros Ponte Preta (81 mm) e S\u00e3o Judas Tadeu (58,16 mm).<\/p>\n<p>O n\u00edvel do Rio Paraibuna que, \u00e0s 14h dessa segunda-feira, 27, estava 1,13 metros, come\u00e7ou a subir ap\u00f3s as chuvas das 16h, atingindo, \u00e0 1h30 da madrugada desta ter\u00e7a, 28, 2,33 m (aumento de 1,2 m em cerca de 12 horas). Na manh\u00e3 de hoje o volume do rio recuou um pouco, chegando a 2,02 m.<\/p>\n<p>&nbsp;<\/p>\n<p>Da reda\u00e7\u00e3o\/Assessoria<\/p>\n","protected":false},"excerpt":{"rendered":"<p>A Defesa Civil de Juiz de Fora recebeu oito chamados por causa das fortes chuvas dessa segunda-feira, 27. Do total, quatro ocorr\u00eancias foram registradas na zona Norte, duas na Sul e duas na Leste. Em um dos casos, registrado no bairro Ipiranga, regi\u00e3o sul, um muro desabou na Rua Licinio Pereira Cortes. O desabamento foi [&hellip;]<\/p>\n","protected":false},"author":96,"featured_media":86251,"comment_status":"closed","ping_status":"closed","sticky":false,"template":"","format":"standard","meta":{"footnotes":""},"categories":[253],"tags":[],"class_list":["post-86252","post","type-post","status-publish","format-standard","has-post-thumbnail","hentry","category-cidade"],"_links":{"self":[{"href":"https:\/\/diarioregionaldigital.com.br\/index.php?rest_route=\/wp\/v2\/posts\/86252","targetHints":{"allow":["GET"]}}],"collection":[{"href":"https:\/\/diarioregionaldigital.com.br\/index.php?rest_route=\/wp\/v2\/posts"}],"about":[{"href":"https:\/\/diarioregionaldigital.com.br\/index.php?rest_route=\/wp\/v2\/types\/post"}],"author":[{"embeddable":true,"href":"https:\/\/diarioregionaldigital.com.br\/index.php?rest_route=\/wp\/v2\/users\/96"}],"replies":[{"embeddable":true,"href":"https:\/\/diarioregionaldigital.com.br\/index.php?rest_route=%2Fwp%2Fv2%2Fcomments&post=86252"}],"version-history":[{"count":0,"href":"https:\/\/diarioregionaldigital.com.br\/index.php?rest_route=\/wp\/v2\/posts\/86252\/revisions"}],"wp:featuredmedia":[{"embeddable":true,"href":"https:\/\/diarioregionaldigital.com.br\/index.php?rest_route=\/wp\/v2\/media\/86251"}],"wp:attachment":[{"href":"https:\/\/diarioregionaldigital.com.br\/index.php?rest_route=%2Fwp%2Fv2%2Fmedia&parent=86252"}],"wp:term":[{"taxonomy":"category","embeddable":true,"href":"https:\/\/diarioregionaldigital.com.br\/index.php?rest_route=%2Fwp%2Fv2%2Fcategories&post=86252"},{"taxonomy":"post_tag","embeddable":true,"href":"https:\/\/diarioregionaldigital.com.br\/index.php?rest_route=%2Fwp%2Fv2%2Ftags&post=86252"}],"curies":[{"name":"wp","href":"https:\/\/api.w.org\/{rel}","templated":true}]}}