{"id":86250,"date":"2017-11-28T18:54:32","date_gmt":"2017-11-28T20:54:32","guid":{"rendered":"http:\/\/diarioregionaljf.com.br\/2017\/11\/28\/batida-entre-carro-e-carreta-deixa-quatro-mortos-na-br-040-em-carandai\/"},"modified":"2017-11-28T18:54:32","modified_gmt":"2017-11-28T20:54:32","slug":"batida-entre-carro-e-carreta-deixa-quatro-mortos-na-br-040-em-carandai","status":"publish","type":"post","link":"https:\/\/diarioregionaldigital.com.br\/?p=86250","title":{"rendered":"Batida entre carro e carreta deixa quatro mortos na BR-040 em Caranda\u00ed"},"content":{"rendered":"<p>Quatro pessoas morreram ap\u00f3s uma carreta bater de frente com um ve\u00edculo de passeio no Km 661 da BR-040, pr\u00f3ximo ao distrito de Pedra do Sino, no munic\u00edpio de Caranda\u00ed (a cerca de 141 Km de Juiz de Fora), na tarde desta ter\u00e7a-feira, 28.<\/p>\n<p>De acordo com informa\u00e7\u00f5es da Pol\u00edcia Rodovi\u00e1ria Federal (PRF), a carreta seguia em dire\u00e7\u00e3o a Belo Horizonte e invadiu a contram\u00e3o, vindo a colidir com o autom\u00f3vel, que seguia no sentido oposto. Com a batida, o carro foi empurrado em dire\u00e7\u00e3o a um \u00f4nibus, que seguia de Belo Horizonte para Juiz de Fora.<\/p>\n<p>Os quatro ocupantes do ve\u00edculo de passeio, que prestava servi\u00e7os para a prefeitura municipal de Tocantins (MG), morreram. O condutor da carreta n\u00e3o teve les\u00f5es. Apenas um dos passageiros do \u00f4nibus, funcion\u00e1rio da empresa de transporte, teve ferimentos leves.<br \/>Ainda conforme dados da Pol\u00edcia Rodovi\u00e1ria, chovia muito no momento do acidente.<\/p>\n<p>O tr\u00e2nsito ficou parcialmente interditado e equipes da PRF, bombeiros e da concession\u00e1ria que administra o trecho da rodovia prestaram atendimento aos envolvidos.<\/p>\n","protected":false},"excerpt":{"rendered":"<p>Quatro pessoas morreram ap\u00f3s uma carreta bater de frente com um ve\u00edculo de passeio no Km 661 da BR-040, pr\u00f3ximo ao distrito de Pedra do Sino, no munic\u00edpio de Caranda\u00ed (a cerca de 141 Km de Juiz de Fora), na tarde desta ter\u00e7a-feira, 28. De acordo com informa\u00e7\u00f5es da Pol\u00edcia Rodovi\u00e1ria Federal (PRF), a carreta [&hellip;]<\/p>\n","protected":false},"author":96,"featured_media":86249,"comment_status":"closed","ping_status":"closed","sticky":false,"template":"","format":"standard","meta":{"footnotes":""},"categories":[252],"tags":[],"class_list":["post-86250","post","type-post","status-publish","format-standard","has-post-thumbnail","hentry","category-regiao"],"_links":{"self":[{"href":"https:\/\/diarioregionaldigital.com.br\/index.php?rest_route=\/wp\/v2\/posts\/86250","targetHints":{"allow":["GET"]}}],"collection":[{"href":"https:\/\/diarioregionaldigital.com.br\/index.php?rest_route=\/wp\/v2\/posts"}],"about":[{"href":"https:\/\/diarioregionaldigital.com.br\/index.php?rest_route=\/wp\/v2\/types\/post"}],"author":[{"embeddable":true,"href":"https:\/\/diarioregionaldigital.com.br\/index.php?rest_route=\/wp\/v2\/users\/96"}],"replies":[{"embeddable":true,"href":"https:\/\/diarioregionaldigital.com.br\/index.php?rest_route=%2Fwp%2Fv2%2Fcomments&post=86250"}],"version-history":[{"count":0,"href":"https:\/\/diarioregionaldigital.com.br\/index.php?rest_route=\/wp\/v2\/posts\/86250\/revisions"}],"wp:featuredmedia":[{"embeddable":true,"href":"https:\/\/diarioregionaldigital.com.br\/index.php?rest_route=\/wp\/v2\/media\/86249"}],"wp:attachment":[{"href":"https:\/\/diarioregionaldigital.com.br\/index.php?rest_route=%2Fwp%2Fv2%2Fmedia&parent=86250"}],"wp:term":[{"taxonomy":"category","embeddable":true,"href":"https:\/\/diarioregionaldigital.com.br\/index.php?rest_route=%2Fwp%2Fv2%2Fcategories&post=86250"},{"taxonomy":"post_tag","embeddable":true,"href":"https:\/\/diarioregionaldigital.com.br\/index.php?rest_route=%2Fwp%2Fv2%2Ftags&post=86250"}],"curies":[{"name":"wp","href":"https:\/\/api.w.org\/{rel}","templated":true}]}}