{"id":86246,"date":"2017-11-28T18:46:34","date_gmt":"2017-11-28T20:46:34","guid":{"rendered":"http:\/\/diarioregionaljf.com.br\/2017\/11\/28\/policia-militar-cumpre-mandados-em-volta-grande-e-apreende-armas-e-drogas\/"},"modified":"2017-11-28T18:46:34","modified_gmt":"2017-11-28T20:46:34","slug":"policia-militar-cumpre-mandados-em-volta-grande-e-apreende-armas-e-drogas","status":"publish","type":"post","link":"https:\/\/diarioregionaldigital.com.br\/?p=86246","title":{"rendered":"Pol\u00edcia Militar cumpre mandados em Volta Grande e apreende armas e drogas"},"content":{"rendered":"<p>Na manh\u00e3 desta ter\u00e7a-feira, 28, militares da 6\u00aa Companhia Independente de Pol\u00edcia Militar com sede em Leopoldina, cumpriram cinco mandados de busca e apreens\u00e3o no munic\u00edpio de Volta Grande (91 km de Cataguases).<\/p>\n<p>Segundo a Pol\u00edcia Militar, em uma das a\u00e7\u00f5es foram apreendidos um rev\u00f3lver calibre 38, uma pistola de press\u00e3o, uma pistola de Air Soft a g\u00e1s, seis muni\u00e7\u00f5es calibre 38, duas buchas de maconha, al\u00e9m da pris\u00e3o de um homem de 26 anos e de uma jovem, de 21.<\/p>\n<p>Os policiais localizaram as armas e muni\u00e7\u00f5es enterradas em um monte de areia na resid\u00eancia do rapaz de 26 anos, que estava em liberdade condicional e j\u00e1 havia sido preso por tr\u00e1fico de drogas em 2015. Ele assumiu a propriedade dos materiais.<\/p>\n<p>Em uma outra resid\u00eancia, os militares localizaram duas buchas de maconha e um jovem, de 24 anos, assumiu a propriedade da droga. Nas outras tr\u00eas casas, nada foi localizado.<\/p>\n<p>Ainda segundo a Pol\u00edcia Militar, nestes im\u00f3veis existem den\u00fancias de envolvimento dos indiv\u00edduos com a pr\u00e1tica de crimes. Um dos denunciados, um rapaz de 23 anos, est\u00e1 envolvido em 28 registros policiais e j\u00e1 foi preso diversas vezes por dire\u00e7\u00e3o perigosa, desacato, desobedi\u00eancia, amea\u00e7a, recepta\u00e7\u00e3o e tr\u00e1fico de drogas em cidades da regi\u00e3o. Nesta manh\u00e3, ele n\u00e3o foi preso, pois nada de il\u00edcito foi localizado em sua resid\u00eancia.<\/p>\n<p>Os militares de Volta Grande solicitaram os mandados ao Judici\u00e1rio como forma de atender aos anseios da popula\u00e7\u00e3o no intuito de reprimir a criminalidade naquela cidade. De acordo com a Assessoria da Pol\u00edcia Militar, os moradores de Volta Grande t\u00eam contribu\u00eddo sobremaneira com o trabalho policial, atrav\u00e9s de den\u00fancias, e os militares est\u00e3o dando \u00f3timas respostas para aumentar a sensa\u00e7\u00e3o de seguran\u00e7a da popula\u00e7\u00e3o.<\/p>\n<p>No dia 15 de outubro de 2017, os militares daquela cidade lograram \u00eaxito em apreender grande quantidade de drogas e em prender o autor, de 39 anos, que estava fazendo amea\u00e7as de morte aos pais e irm\u00e3o. Na ocasi\u00e3o, foram aprendidos quatro pinos com um produto an\u00e1logo a coca\u00edna, 370 pinos da mesma subst\u00e2ncia, 46 pinos vazios, al\u00e9m de um tablete de coca\u00edna; uma balan\u00e7a digital; quatro tabletes de maconha, dois inv\u00f3lucros pl\u00e1sticos contendo por\u00e7\u00f5es da mesma subst\u00e2ncia.<\/p>\n<p>Constantemente os militares de Volta Grande realizam apreens\u00f5es de armas bem sucedidas. Apenas este ano foram retiradas de circula\u00e7\u00e3o naquela cidade, dezessete delas.<\/p>\n<hr \/>\n<p>&nbsp;Fonte: Assessoria\/Colaboa\u00e7\u00e3o Marcelo Lopes<\/p>\n","protected":false},"excerpt":{"rendered":"<p>Na manh\u00e3 desta ter\u00e7a-feira, 28, militares da 6\u00aa Companhia Independente de Pol\u00edcia Militar com sede em Leopoldina, cumpriram cinco mandados de busca e apreens\u00e3o no munic\u00edpio de Volta Grande (91 km de Cataguases). Segundo a Pol\u00edcia Militar, em uma das a\u00e7\u00f5es foram apreendidos um rev\u00f3lver calibre 38, uma pistola de press\u00e3o, uma pistola de Air [&hellip;]<\/p>\n","protected":false},"author":96,"featured_media":86245,"comment_status":"closed","ping_status":"closed","sticky":false,"template":"","format":"standard","meta":{"footnotes":""},"categories":[252],"tags":[],"class_list":["post-86246","post","type-post","status-publish","format-standard","has-post-thumbnail","hentry","category-regiao"],"_links":{"self":[{"href":"https:\/\/diarioregionaldigital.com.br\/index.php?rest_route=\/wp\/v2\/posts\/86246","targetHints":{"allow":["GET"]}}],"collection":[{"href":"https:\/\/diarioregionaldigital.com.br\/index.php?rest_route=\/wp\/v2\/posts"}],"about":[{"href":"https:\/\/diarioregionaldigital.com.br\/index.php?rest_route=\/wp\/v2\/types\/post"}],"author":[{"embeddable":true,"href":"https:\/\/diarioregionaldigital.com.br\/index.php?rest_route=\/wp\/v2\/users\/96"}],"replies":[{"embeddable":true,"href":"https:\/\/diarioregionaldigital.com.br\/index.php?rest_route=%2Fwp%2Fv2%2Fcomments&post=86246"}],"version-history":[{"count":0,"href":"https:\/\/diarioregionaldigital.com.br\/index.php?rest_route=\/wp\/v2\/posts\/86246\/revisions"}],"wp:featuredmedia":[{"embeddable":true,"href":"https:\/\/diarioregionaldigital.com.br\/index.php?rest_route=\/wp\/v2\/media\/86245"}],"wp:attachment":[{"href":"https:\/\/diarioregionaldigital.com.br\/index.php?rest_route=%2Fwp%2Fv2%2Fmedia&parent=86246"}],"wp:term":[{"taxonomy":"category","embeddable":true,"href":"https:\/\/diarioregionaldigital.com.br\/index.php?rest_route=%2Fwp%2Fv2%2Fcategories&post=86246"},{"taxonomy":"post_tag","embeddable":true,"href":"https:\/\/diarioregionaldigital.com.br\/index.php?rest_route=%2Fwp%2Fv2%2Ftags&post=86246"}],"curies":[{"name":"wp","href":"https:\/\/api.w.org\/{rel}","templated":true}]}}