{"id":86142,"date":"2017-11-27T19:53:58","date_gmt":"2017-11-27T21:53:58","guid":{"rendered":"http:\/\/diarioregionaljf.com.br\/2017\/11\/27\/biblioteca-redentorista-promove-coleta-de-lixo-eletronico\/"},"modified":"2017-11-27T19:53:58","modified_gmt":"2017-11-27T21:53:58","slug":"biblioteca-redentorista-promove-coleta-de-lixo-eletronico","status":"publish","type":"post","link":"https:\/\/diarioregionaldigital.com.br\/?p=86142","title":{"rendered":"Biblioteca Redentorista promove coleta de lixo eletr\u00f4nico"},"content":{"rendered":"<p>A Biblioteca Redentorista promove uma Campanha de Coleta de Lixo Eletr\u00f4nico. A iniciativa, que \u00e9 uma parceria com a E-Ambiental, vai at\u00e9 esta sexta-feira, 1\u00ba de dezembro.<\/p>\n<p>Est\u00e3o sendo recolhidos equipamentos eletr\u00f4nicos inutilizados, tais como calculadoras, celulares, carregadores, aparelhos de v\u00eddeo cassete e DVD, TVs, GPS e equipamentos de inform\u00e1tica. Os materiais podem ser deixados na biblioteca das 9h \u00e0s 16h.<\/p>\n<p>Ap\u00f3s o recebimento do lixo eletr\u00f4nico, a E-Ambiental realiza processo de desmontagem dos produtos e separa\u00e7\u00e3o de componentes. Em seguida, cada material \u00e9 encaminhado ao local respons\u00e1vel por sua reciclagem, evitando a contamina\u00e7\u00e3o do solo pelo descarte incorreto.<\/p>\n<p>A Biblioteca Redentorista fica na Avenida dos Andradas, n\u00ba855, Morro da Gl\u00f3ria.<\/p>\n<p>&nbsp;<\/p>\n<p>Fonte: Assessoria<\/p>\n","protected":false},"excerpt":{"rendered":"<p>A Biblioteca Redentorista promove uma Campanha de Coleta de Lixo Eletr\u00f4nico. A iniciativa, que \u00e9 uma parceria com a E-Ambiental, vai at\u00e9 esta sexta-feira, 1\u00ba de dezembro. Est\u00e3o sendo recolhidos equipamentos eletr\u00f4nicos inutilizados, tais como calculadoras, celulares, carregadores, aparelhos de v\u00eddeo cassete e DVD, TVs, GPS e equipamentos de inform\u00e1tica. Os materiais podem ser deixados [&hellip;]<\/p>\n","protected":false},"author":96,"featured_media":86141,"comment_status":"closed","ping_status":"closed","sticky":false,"template":"","format":"standard","meta":{"footnotes":""},"categories":[253],"tags":[],"class_list":["post-86142","post","type-post","status-publish","format-standard","has-post-thumbnail","hentry","category-cidade"],"_links":{"self":[{"href":"https:\/\/diarioregionaldigital.com.br\/index.php?rest_route=\/wp\/v2\/posts\/86142","targetHints":{"allow":["GET"]}}],"collection":[{"href":"https:\/\/diarioregionaldigital.com.br\/index.php?rest_route=\/wp\/v2\/posts"}],"about":[{"href":"https:\/\/diarioregionaldigital.com.br\/index.php?rest_route=\/wp\/v2\/types\/post"}],"author":[{"embeddable":true,"href":"https:\/\/diarioregionaldigital.com.br\/index.php?rest_route=\/wp\/v2\/users\/96"}],"replies":[{"embeddable":true,"href":"https:\/\/diarioregionaldigital.com.br\/index.php?rest_route=%2Fwp%2Fv2%2Fcomments&post=86142"}],"version-history":[{"count":0,"href":"https:\/\/diarioregionaldigital.com.br\/index.php?rest_route=\/wp\/v2\/posts\/86142\/revisions"}],"wp:featuredmedia":[{"embeddable":true,"href":"https:\/\/diarioregionaldigital.com.br\/index.php?rest_route=\/wp\/v2\/media\/86141"}],"wp:attachment":[{"href":"https:\/\/diarioregionaldigital.com.br\/index.php?rest_route=%2Fwp%2Fv2%2Fmedia&parent=86142"}],"wp:term":[{"taxonomy":"category","embeddable":true,"href":"https:\/\/diarioregionaldigital.com.br\/index.php?rest_route=%2Fwp%2Fv2%2Fcategories&post=86142"},{"taxonomy":"post_tag","embeddable":true,"href":"https:\/\/diarioregionaldigital.com.br\/index.php?rest_route=%2Fwp%2Fv2%2Ftags&post=86142"}],"curies":[{"name":"wp","href":"https:\/\/api.w.org\/{rel}","templated":true}]}}