{"id":86138,"date":"2017-11-27T19:41:32","date_gmt":"2017-11-27T21:41:32","guid":{"rendered":"http:\/\/diarioregionaljf.com.br\/2017\/11\/27\/carreta-bitrem-tomba-na-br-116-e-motorista-fica-ferido\/"},"modified":"2017-11-27T19:41:32","modified_gmt":"2017-11-27T21:41:32","slug":"carreta-bitrem-tomba-na-br-116-e-motorista-fica-ferido","status":"publish","type":"post","link":"https:\/\/diarioregionaldigital.com.br\/?p=86138","title":{"rendered":"Carreta bitrem tomba na BR-116 e motorista fica ferido"},"content":{"rendered":"<p>Uma carreta bitrem, placas de Cariacica (ES), tombou na manh\u00e3 desta segunda-feira, 27, na BR-116, pr\u00f3ximo a Bica D\u2019\u00e1gua em Leopoldina (a cerca de 97 Km de Juiz de Fora). O ve\u00edculo seguia sentido Al\u00e9m Para\u00edba &#8211; Leopoldina e transportava fraudas descart\u00e1veis. Ainda n\u00e3o se sabe o que ocasionou o acidente.<\/p>\n<p>Pol\u00edcia Rodovi\u00e1ria Federal, SAMU e Corpo de Bombeiros foram acionados. O motorista foi socorrido com uma fratura na m\u00e3o e encaminhado ao Pronto-Socorro Municipal da Casa de Caridade Leopoldinense. Segundo o Corpo de Bombeiros, houve vazamento de \u00f3leo ap\u00f3s o tombamento e foi necess\u00e1rio espalhar serragem na rodovia. O tr\u00e2nsito no local n\u00e3o foi interditado.<\/p>\n<p>&nbsp;<\/p>\n<p>Da reda\u00e7\u00e3o\/O Vigilante Online<\/p>\n<p>&nbsp;<\/p>\n","protected":false},"excerpt":{"rendered":"<p>Uma carreta bitrem, placas de Cariacica (ES), tombou na manh\u00e3 desta segunda-feira, 27, na BR-116, pr\u00f3ximo a Bica D\u2019\u00e1gua em Leopoldina (a cerca de 97 Km de Juiz de Fora). O ve\u00edculo seguia sentido Al\u00e9m Para\u00edba &#8211; Leopoldina e transportava fraudas descart\u00e1veis. Ainda n\u00e3o se sabe o que ocasionou o acidente. Pol\u00edcia Rodovi\u00e1ria Federal, SAMU [&hellip;]<\/p>\n","protected":false},"author":96,"featured_media":86137,"comment_status":"closed","ping_status":"closed","sticky":false,"template":"","format":"standard","meta":{"footnotes":""},"categories":[252],"tags":[],"class_list":["post-86138","post","type-post","status-publish","format-standard","has-post-thumbnail","hentry","category-regiao"],"_links":{"self":[{"href":"https:\/\/diarioregionaldigital.com.br\/index.php?rest_route=\/wp\/v2\/posts\/86138","targetHints":{"allow":["GET"]}}],"collection":[{"href":"https:\/\/diarioregionaldigital.com.br\/index.php?rest_route=\/wp\/v2\/posts"}],"about":[{"href":"https:\/\/diarioregionaldigital.com.br\/index.php?rest_route=\/wp\/v2\/types\/post"}],"author":[{"embeddable":true,"href":"https:\/\/diarioregionaldigital.com.br\/index.php?rest_route=\/wp\/v2\/users\/96"}],"replies":[{"embeddable":true,"href":"https:\/\/diarioregionaldigital.com.br\/index.php?rest_route=%2Fwp%2Fv2%2Fcomments&post=86138"}],"version-history":[{"count":0,"href":"https:\/\/diarioregionaldigital.com.br\/index.php?rest_route=\/wp\/v2\/posts\/86138\/revisions"}],"wp:featuredmedia":[{"embeddable":true,"href":"https:\/\/diarioregionaldigital.com.br\/index.php?rest_route=\/wp\/v2\/media\/86137"}],"wp:attachment":[{"href":"https:\/\/diarioregionaldigital.com.br\/index.php?rest_route=%2Fwp%2Fv2%2Fmedia&parent=86138"}],"wp:term":[{"taxonomy":"category","embeddable":true,"href":"https:\/\/diarioregionaldigital.com.br\/index.php?rest_route=%2Fwp%2Fv2%2Fcategories&post=86138"},{"taxonomy":"post_tag","embeddable":true,"href":"https:\/\/diarioregionaldigital.com.br\/index.php?rest_route=%2Fwp%2Fv2%2Ftags&post=86138"}],"curies":[{"name":"wp","href":"https:\/\/api.w.org\/{rel}","templated":true}]}}