{"id":86136,"date":"2017-11-27T19:28:06","date_gmt":"2017-11-27T21:28:06","guid":{"rendered":"http:\/\/diarioregionaljf.com.br\/2017\/11\/27\/adolescente-tem-moto-roubada-durante-entrega-de-lanche-no-bairro-tres-moinhos\/"},"modified":"2017-11-27T19:28:06","modified_gmt":"2017-11-27T21:28:06","slug":"adolescente-tem-moto-roubada-durante-entrega-de-lanche-no-bairro-tres-moinhos","status":"publish","type":"post","link":"https:\/\/diarioregionaldigital.com.br\/?p=86136","title":{"rendered":"Adolescente tem moto roubada durante entrega de lanche no bairro Tr\u00eas Moinhos"},"content":{"rendered":"<p>Uma adolescente de 15 anos teve a motocicleta roubada na noite desse domingo, 26, enquanto fazia uma entrega de lanche no bairro Tr\u00eas Moinhos, zona Leste de Juiz de Fora.<\/p>\n<p>Segundo informa\u00e7\u00f5es do Boletim de Ocorr\u00eancias (BO) da Pol\u00edcia Militar (PM), a v\u00edtima relatou que realiza entregas na lanchonete de sua m\u00e3e e que um pedido foi solicitado para uma resid\u00eancia na Rua Jos\u00e9 Luiz Flores. Quando transitava pelo local, a jovem foi abordada por dois indiv\u00edduos, ambos trajando japona do ex\u00e9rcito. Um deles teria encostado algo na nuca da adolescente, insinuando ser uma arma, e a empurrou da motocicleta, subtraindo o ve\u00edculo. Os autores fugiram em dire\u00e7\u00e3o ao bairro Santa Rita e n\u00e3o foram localizados.<\/p>\n<p>A v\u00edtima foi orientada sobre os procedimentos.<\/p>\n<p>O BO n\u00e3o informa se foi tomada alguma provid\u00eancia relativa \u00e0 condu\u00e7\u00e3o da moto pela menor.<\/p>\n","protected":false},"excerpt":{"rendered":"<p>Uma adolescente de 15 anos teve a motocicleta roubada na noite desse domingo, 26, enquanto fazia uma entrega de lanche no bairro Tr\u00eas Moinhos, zona Leste de Juiz de Fora. Segundo informa\u00e7\u00f5es do Boletim de Ocorr\u00eancias (BO) da Pol\u00edcia Militar (PM), a v\u00edtima relatou que realiza entregas na lanchonete de sua m\u00e3e e que um [&hellip;]<\/p>\n","protected":false},"author":96,"featured_media":86135,"comment_status":"closed","ping_status":"closed","sticky":false,"template":"","format":"standard","meta":{"footnotes":""},"categories":[301],"tags":[],"class_list":["post-86136","post","type-post","status-publish","format-standard","has-post-thumbnail","hentry","category-artigos-policiais"],"_links":{"self":[{"href":"https:\/\/diarioregionaldigital.com.br\/index.php?rest_route=\/wp\/v2\/posts\/86136","targetHints":{"allow":["GET"]}}],"collection":[{"href":"https:\/\/diarioregionaldigital.com.br\/index.php?rest_route=\/wp\/v2\/posts"}],"about":[{"href":"https:\/\/diarioregionaldigital.com.br\/index.php?rest_route=\/wp\/v2\/types\/post"}],"author":[{"embeddable":true,"href":"https:\/\/diarioregionaldigital.com.br\/index.php?rest_route=\/wp\/v2\/users\/96"}],"replies":[{"embeddable":true,"href":"https:\/\/diarioregionaldigital.com.br\/index.php?rest_route=%2Fwp%2Fv2%2Fcomments&post=86136"}],"version-history":[{"count":0,"href":"https:\/\/diarioregionaldigital.com.br\/index.php?rest_route=\/wp\/v2\/posts\/86136\/revisions"}],"wp:featuredmedia":[{"embeddable":true,"href":"https:\/\/diarioregionaldigital.com.br\/index.php?rest_route=\/wp\/v2\/media\/86135"}],"wp:attachment":[{"href":"https:\/\/diarioregionaldigital.com.br\/index.php?rest_route=%2Fwp%2Fv2%2Fmedia&parent=86136"}],"wp:term":[{"taxonomy":"category","embeddable":true,"href":"https:\/\/diarioregionaldigital.com.br\/index.php?rest_route=%2Fwp%2Fv2%2Fcategories&post=86136"},{"taxonomy":"post_tag","embeddable":true,"href":"https:\/\/diarioregionaldigital.com.br\/index.php?rest_route=%2Fwp%2Fv2%2Ftags&post=86136"}],"curies":[{"name":"wp","href":"https:\/\/api.w.org\/{rel}","templated":true}]}}