{"id":86132,"date":"2017-11-27T18:50:38","date_gmt":"2017-11-27T20:50:38","guid":{"rendered":"http:\/\/diarioregionaljf.com.br\/2017\/11\/27\/menina-de-12-anos-e-vitima-de-abuso-sexual-no-bairro-santa-cruz\/"},"modified":"2017-11-27T18:50:38","modified_gmt":"2017-11-27T20:50:38","slug":"menina-de-12-anos-e-vitima-de-abuso-sexual-no-bairro-santa-cruz","status":"publish","type":"post","link":"https:\/\/diarioregionaldigital.com.br\/?p=86132","title":{"rendered":"Menina de 12 anos \u00e9 v\u00edtima de abuso sexual no bairro Santa Cruz"},"content":{"rendered":"<p>Um homem de 53 anos \u00e9 suspeito de abusar sexualmente de uma menina de 12 anos, no bairro Santa Cruz, regi\u00e3o Norte de Juiz de Fora. O registro de ocorr\u00eancia do caso junto \u00e0 Pol\u00edcia Militar (PM) foi realizado pelo irm\u00e3o da v\u00edtima, de 25 anos, nesse domingo, 26.<\/p>\n<p>O jovem relatou \u00e0 PM que vinha observando que a irm\u00e3 sempre demorava para voltar para casa quando se deslocava at\u00e9 uma mercearia do bairro, da qual o suspeito de abusar da menina \u00e9 propriet\u00e1rio. Ao insistir que a mesma lhe contasse o que estaria ocorrendo, ela confessou que j\u00e1 h\u00e1 algum tempo vinha sendo assediada pelo comerciante.<\/p>\n<p>Ainda segundo o irm\u00e3o da v\u00edtima, a mesma lhe contou que o homem pedia a ela que mostrasse a ele suas partes \u00edntimas, o que a menina chegou a fazer. Ela tamb\u00e9m relatou que, no dia 17 de novembro, o autor a chamou para entrar no estabelecimento e, em seguida, fechou a porta do bar e, abaixando o short da v\u00edtima, praticou sexo oral na mesma. Assustada, a menina teria sa\u00eddo correndo para casa e n\u00e3o contou sobre o que havia acontecido por temer repres\u00e1lias.<\/p>\n<p>Ap\u00f3s registrar a ocorr\u00eancia, o representante legal da menor foi orientado a comparecer na delegacia especializada, para representar contra o autor.<\/p>\n","protected":false},"excerpt":{"rendered":"<p>Um homem de 53 anos \u00e9 suspeito de abusar sexualmente de uma menina de 12 anos, no bairro Santa Cruz, regi\u00e3o Norte de Juiz de Fora. O registro de ocorr\u00eancia do caso junto \u00e0 Pol\u00edcia Militar (PM) foi realizado pelo irm\u00e3o da v\u00edtima, de 25 anos, nesse domingo, 26. O jovem relatou \u00e0 PM que [&hellip;]<\/p>\n","protected":false},"author":96,"featured_media":86131,"comment_status":"closed","ping_status":"closed","sticky":false,"template":"","format":"standard","meta":{"footnotes":""},"categories":[301],"tags":[],"class_list":["post-86132","post","type-post","status-publish","format-standard","has-post-thumbnail","hentry","category-artigos-policiais"],"_links":{"self":[{"href":"https:\/\/diarioregionaldigital.com.br\/index.php?rest_route=\/wp\/v2\/posts\/86132","targetHints":{"allow":["GET"]}}],"collection":[{"href":"https:\/\/diarioregionaldigital.com.br\/index.php?rest_route=\/wp\/v2\/posts"}],"about":[{"href":"https:\/\/diarioregionaldigital.com.br\/index.php?rest_route=\/wp\/v2\/types\/post"}],"author":[{"embeddable":true,"href":"https:\/\/diarioregionaldigital.com.br\/index.php?rest_route=\/wp\/v2\/users\/96"}],"replies":[{"embeddable":true,"href":"https:\/\/diarioregionaldigital.com.br\/index.php?rest_route=%2Fwp%2Fv2%2Fcomments&post=86132"}],"version-history":[{"count":0,"href":"https:\/\/diarioregionaldigital.com.br\/index.php?rest_route=\/wp\/v2\/posts\/86132\/revisions"}],"wp:featuredmedia":[{"embeddable":true,"href":"https:\/\/diarioregionaldigital.com.br\/index.php?rest_route=\/wp\/v2\/media\/86131"}],"wp:attachment":[{"href":"https:\/\/diarioregionaldigital.com.br\/index.php?rest_route=%2Fwp%2Fv2%2Fmedia&parent=86132"}],"wp:term":[{"taxonomy":"category","embeddable":true,"href":"https:\/\/diarioregionaldigital.com.br\/index.php?rest_route=%2Fwp%2Fv2%2Fcategories&post=86132"},{"taxonomy":"post_tag","embeddable":true,"href":"https:\/\/diarioregionaldigital.com.br\/index.php?rest_route=%2Fwp%2Fv2%2Ftags&post=86132"}],"curies":[{"name":"wp","href":"https:\/\/api.w.org\/{rel}","templated":true}]}}