{"id":86130,"date":"2017-11-27T18:37:45","date_gmt":"2017-11-27T20:37:45","guid":{"rendered":"http:\/\/diarioregionaljf.com.br\/2017\/11\/27\/farmacias-devem-afixar-cartazes-informando-a-possibilidade-de-substituicao-de-medicamentos-genericos-e-similares\/"},"modified":"2017-11-27T18:37:45","modified_gmt":"2017-11-27T20:37:45","slug":"farmacias-devem-afixar-cartazes-informando-a-possibilidade-de-substituicao-de-medicamentos-genericos-e-similares","status":"publish","type":"post","link":"https:\/\/diarioregionaldigital.com.br\/?p=86130","title":{"rendered":"Farm\u00e1cias devem afixar cartazes informando a possibilidade de substitui\u00e7\u00e3o de medicamentos gen\u00e9ricos e similares"},"content":{"rendered":"<p>Foi aprovado em terceira discuss\u00e3o, na \u00faltima sexta-feira, 24, o Projeto de Lei (PL) do vereador Adriano Miranda (PHS) que determina \u00e0s farm\u00e1cias e drogarias afixar cartazes informando a possibilidade de substitui\u00e7\u00e3o do medicamento gen\u00e9rico e\/ou similar por outro de refer\u00eancia indicado pelo farmac\u00eautico, com ressalva para aqueles com restri\u00e7\u00f5es expressas do prescritor. Todos os medicamentos devem ser aprovados pela Ag\u00eancia Nacional de Vigil\u00e2ncia Sanit\u00e1ria (Anvisa).<\/p>\n<p>De acordo com o vereador, o objetivo deste projeto \u00e9 possibilitar aos cidad\u00e3os a compara\u00e7\u00e3o de pre\u00e7os antes de realizarem a compra, gerando economia para os consumidores, sem prejudicar a efic\u00e1cia e a qualidade do tratamento.<\/p>\n<p>Na sua justificativa, Adriano explicou que o medicamento de refer\u00eancia tem efic\u00e1cia, seguran\u00e7a e qualidade comprovadas cientificamente. O gen\u00e9rico \u00e9 igual ao medicamento de refer\u00eancia, apresentando o mesmo nome da subst\u00e2ncia ativa, por\u00e9m n\u00e3o \u00e9 permitido o nome comercial e sim a letra \u201cG\u201d de Gen\u00e9rico. J\u00e1 o medicamento similar cont\u00e9m os mesmos princ\u00edpios ativos, \u00e9 aprovada pela Anvisa, mas o tamanho e a forma do produto pode variar, sendo que, dever\u00e1 ser identificado o nome comercial.<\/p>\n<p>A mat\u00e9ria segue para san\u00e7\u00e3o do poder Executivo municipal. Ap\u00f3s a publica\u00e7\u00e3o desta Lei, os estabelecimentos ter\u00e3o o prazo de 60 dias contados para se adequarem aos seus termos. Em caso de descumprimento, os estabelecimentos infratores poder\u00e3o sofrer penalidades como advert\u00eancias e multas.<\/p>\n<p>Fonte: Assessoria<\/p>\n","protected":false},"excerpt":{"rendered":"<p>Foi aprovado em terceira discuss\u00e3o, na \u00faltima sexta-feira, 24, o Projeto de Lei (PL) do vereador Adriano Miranda (PHS) que determina \u00e0s farm\u00e1cias e drogarias afixar cartazes informando a possibilidade de substitui\u00e7\u00e3o do medicamento gen\u00e9rico e\/ou similar por outro de refer\u00eancia indicado pelo farmac\u00eautico, com ressalva para aqueles com restri\u00e7\u00f5es expressas do prescritor. Todos os [&hellip;]<\/p>\n","protected":false},"author":96,"featured_media":86129,"comment_status":"closed","ping_status":"closed","sticky":false,"template":"","format":"standard","meta":{"footnotes":""},"categories":[254],"tags":[],"class_list":["post-86130","post","type-post","status-publish","format-standard","has-post-thumbnail","hentry","category-politica"],"_links":{"self":[{"href":"https:\/\/diarioregionaldigital.com.br\/index.php?rest_route=\/wp\/v2\/posts\/86130","targetHints":{"allow":["GET"]}}],"collection":[{"href":"https:\/\/diarioregionaldigital.com.br\/index.php?rest_route=\/wp\/v2\/posts"}],"about":[{"href":"https:\/\/diarioregionaldigital.com.br\/index.php?rest_route=\/wp\/v2\/types\/post"}],"author":[{"embeddable":true,"href":"https:\/\/diarioregionaldigital.com.br\/index.php?rest_route=\/wp\/v2\/users\/96"}],"replies":[{"embeddable":true,"href":"https:\/\/diarioregionaldigital.com.br\/index.php?rest_route=%2Fwp%2Fv2%2Fcomments&post=86130"}],"version-history":[{"count":0,"href":"https:\/\/diarioregionaldigital.com.br\/index.php?rest_route=\/wp\/v2\/posts\/86130\/revisions"}],"wp:featuredmedia":[{"embeddable":true,"href":"https:\/\/diarioregionaldigital.com.br\/index.php?rest_route=\/wp\/v2\/media\/86129"}],"wp:attachment":[{"href":"https:\/\/diarioregionaldigital.com.br\/index.php?rest_route=%2Fwp%2Fv2%2Fmedia&parent=86130"}],"wp:term":[{"taxonomy":"category","embeddable":true,"href":"https:\/\/diarioregionaldigital.com.br\/index.php?rest_route=%2Fwp%2Fv2%2Fcategories&post=86130"},{"taxonomy":"post_tag","embeddable":true,"href":"https:\/\/diarioregionaldigital.com.br\/index.php?rest_route=%2Fwp%2Fv2%2Ftags&post=86130"}],"curies":[{"name":"wp","href":"https:\/\/api.w.org\/{rel}","templated":true}]}}