{"id":86128,"date":"2017-11-27T18:22:58","date_gmt":"2017-11-27T20:22:58","guid":{"rendered":"http:\/\/diarioregionaljf.com.br\/2017\/11\/27\/senado-pode-votar-nesta-terca-propostas-para-area-de-seguranca-publica\/"},"modified":"2017-11-27T18:22:58","modified_gmt":"2017-11-27T20:22:58","slug":"senado-pode-votar-nesta-terca-propostas-para-area-de-seguranca-publica","status":"publish","type":"post","link":"https:\/\/diarioregionaldigital.com.br\/?p=86128","title":{"rendered":"Senado pode votar nesta ter\u00e7a propostas para \u00e1rea de seguran\u00e7a p\u00fablica"},"content":{"rendered":"<p>Logo ap\u00f3s destrancar a pauta com a vota\u00e7\u00e3o da Medida Provis\u00f3ria (MP) 791\/2017, que cria a Ag\u00eancia Nacional de Minera\u00e7\u00e3o (ANM), os senadores podem votar, nesta ter\u00e7a-feira, 28, dois projetos que tratam de seguran\u00e7a p\u00fablica e que ganharam regime de urg\u00eancia na \u00faltima semana. Um dos projetos (PLS 247\/2016) altera a Lei de Responsabilidade Fiscal (LRF \u2014 Lei Complementar 101\/2000) para excetuar as a\u00e7\u00f5es de seguran\u00e7a p\u00fablica da aplica\u00e7\u00e3o das san\u00e7\u00f5es de suspens\u00e3o de transfer\u00eancias volunt\u00e1rias. O outro projeto (SCD 6\/2016) institui o Estatuto da Seguran\u00e7a Privada e da Seguran\u00e7a das Institui\u00e7\u00f5es Financeiras.<\/p>\n<p>O PLS 247\/2016-Complementar livra a \u00e1rea de seguran\u00e7a p\u00fablica de estados e munic\u00edpios de um poss\u00edvel corte de verbas por parte da Uni\u00e3o. Isso porque coloca a seguran\u00e7a p\u00fablica ao lado da educa\u00e7\u00e3o, da sa\u00fade e da assist\u00eancia social entre os setores imunes \u00e0 suspens\u00e3o de transfer\u00eancias volunt\u00e1rias. A transfer\u00eancia volunt\u00e1ria de recursos da Uni\u00e3o para prefeituras e governos estaduais \u00e9 feita por interm\u00e9dio de conv\u00eanios, para investimento em pol\u00edticas p\u00fablicas de interesse comum e a\u00e7\u00f5es de desenvolvimento social. Esses conv\u00eanios fixam obriga\u00e7\u00f5es para os benefici\u00e1rios, que, se n\u00e3o cumpridas, sujeitam o ente \u00e0 san\u00e7\u00e3o tempor\u00e1ria de n\u00e3o recebimento de novas verbas.<\/p>\n<p>&nbsp;<\/p>\n<h4>SEGURAN\u00c7A PRIVADA<\/h4>\n<p>O SCD 6\/2016 faz parte do pacote de projetos relacionados \u00e0 seguran\u00e7a p\u00fablica que se tornaram prioridade da pauta do Senado nas \u00faltimas semanas. O estatuto trata dos servi\u00e7os de seguran\u00e7a privada e sobre a seguran\u00e7a das institui\u00e7\u00f5es financeiras, disciplinando a autoriza\u00e7\u00e3o pr\u00e9via e a fiscaliza\u00e7\u00e3o da Pol\u00edcia Federal para os servi\u00e7os de seguran\u00e7a privada e para o plano de seguran\u00e7a em depend\u00eancias de institui\u00e7\u00f5es financeiras.<\/p>\n<p>Tamb\u00e9m trata do funcionamento das escolas de forma\u00e7\u00e3o; do uso de produtos controlados de uso restrito, armas de fogo e de menor potencial ofensivo; da presta\u00e7\u00e3o do servi\u00e7o em espa\u00e7os de uso comum do povo, transportes coletivos, estabelecimentos prisionais, portos e aeroportos, estabelecimentos p\u00fablicos e privados e \u00e1reas p\u00fablicas; dos requisitos para exerc\u00edcio profissional, bem como direito a seguro de vida, assist\u00eancia jur\u00eddica e piso salarial fixado em acordos e conven\u00e7\u00f5es coletivas, que tamb\u00e9m podem ajustar a jornada de trabalho.<\/p>\n<p>&nbsp;<\/p>\n<h4>FUNDO PARA O SETOR<\/h4>\n<p>Ainda na \u00e1rea de seguran\u00e7a p\u00fablica, os senadores podem votar, em primeiro turno, a PEC 24\/2012, que cria o Fundo Nacional de Desenvolvimento da Seguran\u00e7a P\u00fablica (FNDSP). O texto transfere para o FNDSP dois tributos pagos pelas ind\u00fastrias de armas e material b\u00e9lico: o Imposto sobre Produtos Industrializados (IPI), recolhido pela Uni\u00e3o, e o Imposto Sobre Circula\u00e7\u00e3o de Mercadorias e Servi\u00e7os (ICMS), cobrado por estados e Distrito Federal. O fundo \u00e9 formado ainda pelo Imposto Sobre Servi\u00e7os (ISS) pago pelas empresas de seguran\u00e7a privada aos munic\u00edpios.<\/p>\n<p>Fonte: Ag\u00eancia Senado<\/p>\n","protected":false},"excerpt":{"rendered":"<p>Logo ap\u00f3s destrancar a pauta com a vota\u00e7\u00e3o da Medida Provis\u00f3ria (MP) 791\/2017, que cria a Ag\u00eancia Nacional de Minera\u00e7\u00e3o (ANM), os senadores podem votar, nesta ter\u00e7a-feira, 28, dois projetos que tratam de seguran\u00e7a p\u00fablica e que ganharam regime de urg\u00eancia na \u00faltima semana. Um dos projetos (PLS 247\/2016) altera a Lei de Responsabilidade Fiscal [&hellip;]<\/p>\n","protected":false},"author":96,"featured_media":86127,"comment_status":"closed","ping_status":"closed","sticky":false,"template":"","format":"standard","meta":{"footnotes":""},"categories":[254],"tags":[],"class_list":["post-86128","post","type-post","status-publish","format-standard","has-post-thumbnail","hentry","category-politica"],"_links":{"self":[{"href":"https:\/\/diarioregionaldigital.com.br\/index.php?rest_route=\/wp\/v2\/posts\/86128","targetHints":{"allow":["GET"]}}],"collection":[{"href":"https:\/\/diarioregionaldigital.com.br\/index.php?rest_route=\/wp\/v2\/posts"}],"about":[{"href":"https:\/\/diarioregionaldigital.com.br\/index.php?rest_route=\/wp\/v2\/types\/post"}],"author":[{"embeddable":true,"href":"https:\/\/diarioregionaldigital.com.br\/index.php?rest_route=\/wp\/v2\/users\/96"}],"replies":[{"embeddable":true,"href":"https:\/\/diarioregionaldigital.com.br\/index.php?rest_route=%2Fwp%2Fv2%2Fcomments&post=86128"}],"version-history":[{"count":0,"href":"https:\/\/diarioregionaldigital.com.br\/index.php?rest_route=\/wp\/v2\/posts\/86128\/revisions"}],"wp:featuredmedia":[{"embeddable":true,"href":"https:\/\/diarioregionaldigital.com.br\/index.php?rest_route=\/wp\/v2\/media\/86127"}],"wp:attachment":[{"href":"https:\/\/diarioregionaldigital.com.br\/index.php?rest_route=%2Fwp%2Fv2%2Fmedia&parent=86128"}],"wp:term":[{"taxonomy":"category","embeddable":true,"href":"https:\/\/diarioregionaldigital.com.br\/index.php?rest_route=%2Fwp%2Fv2%2Fcategories&post=86128"},{"taxonomy":"post_tag","embeddable":true,"href":"https:\/\/diarioregionaldigital.com.br\/index.php?rest_route=%2Fwp%2Fv2%2Ftags&post=86128"}],"curies":[{"name":"wp","href":"https:\/\/api.w.org\/{rel}","templated":true}]}}