{"id":86126,"date":"2017-11-27T18:15:37","date_gmt":"2017-11-27T20:15:37","guid":{"rendered":"http:\/\/diarioregionaljf.com.br\/2017\/11\/27\/cct-vota-requerimento-de-audiencia-sobre-denuncias-envolvendo-a-tv-globo\/"},"modified":"2017-11-27T18:15:37","modified_gmt":"2017-11-27T20:15:37","slug":"cct-vota-requerimento-de-audiencia-sobre-denuncias-envolvendo-a-tv-globo","status":"publish","type":"post","link":"https:\/\/diarioregionaldigital.com.br\/?p=86126","title":{"rendered":"CCT vota requerimento de audi\u00eancia sobre den\u00fancias envolvendo a TV Globo"},"content":{"rendered":"<p>A Comiss\u00e3o de Ci\u00eancia, Tecnologia, Inova\u00e7\u00e3o, Comunica\u00e7\u00e3o e Inform\u00e1tica deve analisar, nesta ter\u00e7a-feira, 28, requerimento do senador Lindbergh Farias (PT-RJ) de realiza\u00e7\u00e3o de audi\u00eancia p\u00fablica sobre den\u00fancias de que a TV Globo teria, por meio do pagamento de propinas a dirigentes do futebol brasileiro e internacional, atuado para obter a exclusividade na transmiss\u00e3o de grandes eventos esportivos.<\/p>\n<p>Lindbergh prop\u00f5e que sejam convidados para a audi\u00eancia o executivo Marcelo Campos Pinto, ex-diretor da Globo Esportes, e um representante do Grupo Globo. O senador argumenta que caso sejam comprovadas as den\u00fancias que est\u00e3o sendo investigadas no \u00e2mbito da Justi\u00e7a norte-americana, a atua\u00e7\u00e3o da emissora teria provocado distor\u00e7\u00f5es no mercado, prejudicando concorrentes de forma desleal, afetando ainda outros setores econ\u00f4micos ligados a este mercado.<\/p>\n<p>&#8220;Este caso est\u00e1 tendo repercuss\u00e3o internacional, a partir de acordo de dela\u00e7\u00e3o premiada feito pelo executivo argentino Alejandro Burzaco na Justi\u00e7a norte-americana. A Globo teria pago, junto com a Televisa (grupo de comunica\u00e7\u00e3o mexicano) e a TyC (grupo de comunica\u00e7\u00e3o argentino do qual o delator foi executivo), US$15 milh\u00f5es em propina para transmitir as Copas de 2026 e 2030&#8221;, aponta Lindbergh no requerimento. No caso da Globo, o acordo envolveria, segundo Burzaco, a exclusividade na transmiss\u00e3o destes eventos para o Brasil.<\/p>\n<p>O senador tamb\u00e9m menciona que segundo o depoimento de Burzaco \u00e0 Justi\u00e7a dos EUA, a Globo teria conseguido, ainda por meio do pagamento de propinas, os direitos de transmiss\u00e3o da Copa Libertadores e da Copa Sul-Americana por cinco anos seguidos. Burzaco vem colaborando com a Justi\u00e7a norte-americana como testemunha de acusa\u00e7\u00e3o nas investiga\u00e7\u00f5es envolvendo o ex-presidente da Confedera\u00e7\u00e3o Brasileira de Futebol (CBF), Jos\u00e9 Maria Marin, que encontra-se em pris\u00e3o domiciliar em Nova York (EUA). O caso \u00e9 investigado l\u00e1 porque ele e outros dirigentes do futebol brasileiro e mundial utilizaram bancos e empresas norte-americanas para movimentar dinheiro.<\/p>\n<p>&nbsp;<\/p>\n<h4>GLOBO NEGA<\/h4>\n<p>Por meio de nota oficial divulgada no dia 15 de novembro, o Grupo Globo nega ter efetuado pagamentos fora do \u00e2mbito contratual nas negocia\u00e7\u00f5es de transmiss\u00e3o de eventos esportivos. Afirma ainda que ap\u00f3s dois anos de investiga\u00e7\u00f5es, n\u00e3o \u00e9 parte de qualquer processo judicial e que encontra-se \u00e0 disposi\u00e7\u00e3o das autoridades norte-americanas para que os fatos sejam esclarecidos.<\/p>\n<p>Fonte: Ag\u00eancia Senado<\/p>\n","protected":false},"excerpt":{"rendered":"<p>A Comiss\u00e3o de Ci\u00eancia, Tecnologia, Inova\u00e7\u00e3o, Comunica\u00e7\u00e3o e Inform\u00e1tica deve analisar, nesta ter\u00e7a-feira, 28, requerimento do senador Lindbergh Farias (PT-RJ) de realiza\u00e7\u00e3o de audi\u00eancia p\u00fablica sobre den\u00fancias de que a TV Globo teria, por meio do pagamento de propinas a dirigentes do futebol brasileiro e internacional, atuado para obter a exclusividade na transmiss\u00e3o de grandes [&hellip;]<\/p>\n","protected":false},"author":96,"featured_media":86125,"comment_status":"closed","ping_status":"closed","sticky":false,"template":"","format":"standard","meta":{"footnotes":""},"categories":[254],"tags":[],"class_list":["post-86126","post","type-post","status-publish","format-standard","has-post-thumbnail","hentry","category-politica"],"_links":{"self":[{"href":"https:\/\/diarioregionaldigital.com.br\/index.php?rest_route=\/wp\/v2\/posts\/86126","targetHints":{"allow":["GET"]}}],"collection":[{"href":"https:\/\/diarioregionaldigital.com.br\/index.php?rest_route=\/wp\/v2\/posts"}],"about":[{"href":"https:\/\/diarioregionaldigital.com.br\/index.php?rest_route=\/wp\/v2\/types\/post"}],"author":[{"embeddable":true,"href":"https:\/\/diarioregionaldigital.com.br\/index.php?rest_route=\/wp\/v2\/users\/96"}],"replies":[{"embeddable":true,"href":"https:\/\/diarioregionaldigital.com.br\/index.php?rest_route=%2Fwp%2Fv2%2Fcomments&post=86126"}],"version-history":[{"count":0,"href":"https:\/\/diarioregionaldigital.com.br\/index.php?rest_route=\/wp\/v2\/posts\/86126\/revisions"}],"wp:featuredmedia":[{"embeddable":true,"href":"https:\/\/diarioregionaldigital.com.br\/index.php?rest_route=\/wp\/v2\/media\/86125"}],"wp:attachment":[{"href":"https:\/\/diarioregionaldigital.com.br\/index.php?rest_route=%2Fwp%2Fv2%2Fmedia&parent=86126"}],"wp:term":[{"taxonomy":"category","embeddable":true,"href":"https:\/\/diarioregionaldigital.com.br\/index.php?rest_route=%2Fwp%2Fv2%2Fcategories&post=86126"},{"taxonomy":"post_tag","embeddable":true,"href":"https:\/\/diarioregionaldigital.com.br\/index.php?rest_route=%2Fwp%2Fv2%2Ftags&post=86126"}],"curies":[{"name":"wp","href":"https:\/\/api.w.org\/{rel}","templated":true}]}}