{"id":86124,"date":"2017-11-27T18:10:05","date_gmt":"2017-11-27T20:10:05","guid":{"rendered":"http:\/\/diarioregionaljf.com.br\/2017\/11\/27\/inscricoes-para-edital-de-selecao-de-espetaculos-teatrais-da-funalfa-vao-ate-quinta-feira\/"},"modified":"2017-11-27T18:10:05","modified_gmt":"2017-11-27T20:10:05","slug":"inscricoes-para-edital-de-selecao-de-espetaculos-teatrais-da-funalfa-vao-ate-quinta-feira","status":"publish","type":"post","link":"https:\/\/diarioregionaldigital.com.br\/?p=86124","title":{"rendered":"Inscri\u00e7\u00f5es para edital de sele\u00e7\u00e3o de espet\u00e1culos teatrais da Funalfa v\u00e3o at\u00e9 quinta-feira"},"content":{"rendered":"<p>At\u00e9 quinta-feira, 30, a Funda\u00e7\u00e3o Cultural \u201cAlfredo Ferreira Lage\u201d (Funalfa) estar\u00e1 recebendo inscri\u00e7\u00f5es para participa\u00e7\u00e3o de produ\u00e7\u00f5es teatrais juiz-foranas no \u201cAto\u201d, evento que conjuga diversas formas de produzir e pensar o teatro, previsto para a primeira quinzena de dezembro. As propostas selecionadas receber\u00e3o recurso financeiro da Prefeitura de Juiz de Fora (PJF) para a realiza\u00e7\u00e3o do espet\u00e1culo. As inscri\u00e7\u00f5es s\u00e3o gratuitas e o resultado ser\u00e1 divulgado at\u00e9 5 de dezembro.<\/p>\n<p>Com objetivo de gerar reflex\u00e3o, aprendizado e valoriza\u00e7\u00e3o da arte por meio da forma\u00e7\u00e3o de p\u00fablico, da profissionaliza\u00e7\u00e3o art\u00edstica e do interc\u00e2mbio com produtores de todo pa\u00eds, o evento contar\u00e1, em sua programa\u00e7\u00e3o, com mostra de espet\u00e1culos aberta \u00e0 participa\u00e7\u00e3o de produ\u00e7\u00f5es locais. Para se inscrever \u00e9 necess\u00e1rio preencher a ficha dispon\u00edvel no site e encaminh\u00e1-la para o e-mail funalfa.projeto@gmail.com, junto com link contendo grava\u00e7\u00e3o do espet\u00e1culo na \u00edntegra. Os trabalhos ser\u00e3o avaliados de acordo com a coer\u00eancia entre a concep\u00e7\u00e3o de dire\u00e7\u00e3o e sua realiza\u00e7\u00e3o, a adequa\u00e7\u00e3o da pe\u00e7a \u00e0 infraestrutura do evento e os elementos da produ\u00e7\u00e3o, como texto, dire\u00e7\u00e3o, atua\u00e7\u00e3o e concep\u00e7\u00e3o est\u00e9tica.<\/p>\n<p>&nbsp;<\/p>\n<p>Fonte: Assessoria<\/p>\n","protected":false},"excerpt":{"rendered":"<p>At\u00e9 quinta-feira, 30, a Funda\u00e7\u00e3o Cultural \u201cAlfredo Ferreira Lage\u201d (Funalfa) estar\u00e1 recebendo inscri\u00e7\u00f5es para participa\u00e7\u00e3o de produ\u00e7\u00f5es teatrais juiz-foranas no \u201cAto\u201d, evento que conjuga diversas formas de produzir e pensar o teatro, previsto para a primeira quinzena de dezembro. As propostas selecionadas receber\u00e3o recurso financeiro da Prefeitura de Juiz de Fora (PJF) para a realiza\u00e7\u00e3o [&hellip;]<\/p>\n","protected":false},"author":96,"featured_media":86123,"comment_status":"closed","ping_status":"closed","sticky":false,"template":"","format":"standard","meta":{"footnotes":""},"categories":[256],"tags":[],"class_list":["post-86124","post","type-post","status-publish","format-standard","has-post-thumbnail","hentry","category-cultura"],"_links":{"self":[{"href":"https:\/\/diarioregionaldigital.com.br\/index.php?rest_route=\/wp\/v2\/posts\/86124","targetHints":{"allow":["GET"]}}],"collection":[{"href":"https:\/\/diarioregionaldigital.com.br\/index.php?rest_route=\/wp\/v2\/posts"}],"about":[{"href":"https:\/\/diarioregionaldigital.com.br\/index.php?rest_route=\/wp\/v2\/types\/post"}],"author":[{"embeddable":true,"href":"https:\/\/diarioregionaldigital.com.br\/index.php?rest_route=\/wp\/v2\/users\/96"}],"replies":[{"embeddable":true,"href":"https:\/\/diarioregionaldigital.com.br\/index.php?rest_route=%2Fwp%2Fv2%2Fcomments&post=86124"}],"version-history":[{"count":0,"href":"https:\/\/diarioregionaldigital.com.br\/index.php?rest_route=\/wp\/v2\/posts\/86124\/revisions"}],"wp:featuredmedia":[{"embeddable":true,"href":"https:\/\/diarioregionaldigital.com.br\/index.php?rest_route=\/wp\/v2\/media\/86123"}],"wp:attachment":[{"href":"https:\/\/diarioregionaldigital.com.br\/index.php?rest_route=%2Fwp%2Fv2%2Fmedia&parent=86124"}],"wp:term":[{"taxonomy":"category","embeddable":true,"href":"https:\/\/diarioregionaldigital.com.br\/index.php?rest_route=%2Fwp%2Fv2%2Fcategories&post=86124"},{"taxonomy":"post_tag","embeddable":true,"href":"https:\/\/diarioregionaldigital.com.br\/index.php?rest_route=%2Fwp%2Fv2%2Ftags&post=86124"}],"curies":[{"name":"wp","href":"https:\/\/api.w.org\/{rel}","templated":true}]}}