{"id":86122,"date":"2017-11-27T18:03:08","date_gmt":"2017-11-27T20:03:08","guid":{"rendered":"http:\/\/diarioregionaljf.com.br\/2017\/11\/27\/joesley-batista-e-convocado-para-depor-na-terca-feira-em-duas-cpis\/"},"modified":"2017-11-27T18:03:08","modified_gmt":"2017-11-27T20:03:08","slug":"joesley-batista-e-convocado-para-depor-na-terca-feira-em-duas-cpis","status":"publish","type":"post","link":"https:\/\/diarioregionaldigital.com.br\/?p=86122","title":{"rendered":"Joesley Batista \u00e9 convocado para depor na ter\u00e7a-feira em duas CPIs"},"content":{"rendered":"<p>O empres\u00e1rio Joesley Batista, dono da empresa J&amp;F, foi convocado para depor em duas comiss\u00f5es parlamentares de inqu\u00e9rito nesta ter\u00e7a-feira, 28, \u00e0s 9h. Preso desde setembro por determina\u00e7\u00e3o do Supremo Tribunal Federal (STF), Joesley Batista deve falar a senadores e deputados da CPI do BNDES e da CPMI da JBS.<\/p>\n<p>Joesley teria mentido e omitido informa\u00e7\u00f5es no acordo de dela\u00e7\u00e3o premiada firmado com a Procuradoria-Geral da Rep\u00fablica. O ministro do STF Luiz Edson Fachin suspendeu os benef\u00edcios do acordo.<\/p>\n<p>Em of\u00edcio encaminhado \u00e0 CPI da JBS na quarta-feira, 22, os advogados de Joesley Batista adiantaram que ele deve permanecer calado durante a reuni\u00e3o. Os defensores do empres\u00e1rio lembram que outras tr\u00eas pessoas convocadas para depor \u00e0 comiss\u00e3o j\u00e1 ficaram em sil\u00eancio: Wesley Batista; o advogado Francisco de Assis e Silva e o ex-executivo da J&amp;F Ricardo Saud.<\/p>\n<p>\u201cO exerc\u00edcio do direito ao sil\u00eancio \u00e9 a clara posi\u00e7\u00e3o a ser tomada diante da atual situa\u00e7\u00e3o jur\u00eddica dos acordos de colabora\u00e7\u00e3o premiada. A decis\u00e3o de manter a oitiva do ora requerente poder\u00e1 acarretar elevados e desnecess\u00e1rios gastos p\u00fablicos pela quarta vez\u201d, argumentaram os advogados de Joesley Batista.<\/p>\n<p>Fonte: Ag\u00eancia Brasil<\/p>\n","protected":false},"excerpt":{"rendered":"<p>O empres\u00e1rio Joesley Batista, dono da empresa J&amp;F, foi convocado para depor em duas comiss\u00f5es parlamentares de inqu\u00e9rito nesta ter\u00e7a-feira, 28, \u00e0s 9h. Preso desde setembro por determina\u00e7\u00e3o do Supremo Tribunal Federal (STF), Joesley Batista deve falar a senadores e deputados da CPI do BNDES e da CPMI da JBS. Joesley teria mentido e omitido [&hellip;]<\/p>\n","protected":false},"author":96,"featured_media":86121,"comment_status":"closed","ping_status":"closed","sticky":false,"template":"","format":"standard","meta":{"footnotes":""},"categories":[254],"tags":[],"class_list":["post-86122","post","type-post","status-publish","format-standard","has-post-thumbnail","hentry","category-politica"],"_links":{"self":[{"href":"https:\/\/diarioregionaldigital.com.br\/index.php?rest_route=\/wp\/v2\/posts\/86122","targetHints":{"allow":["GET"]}}],"collection":[{"href":"https:\/\/diarioregionaldigital.com.br\/index.php?rest_route=\/wp\/v2\/posts"}],"about":[{"href":"https:\/\/diarioregionaldigital.com.br\/index.php?rest_route=\/wp\/v2\/types\/post"}],"author":[{"embeddable":true,"href":"https:\/\/diarioregionaldigital.com.br\/index.php?rest_route=\/wp\/v2\/users\/96"}],"replies":[{"embeddable":true,"href":"https:\/\/diarioregionaldigital.com.br\/index.php?rest_route=%2Fwp%2Fv2%2Fcomments&post=86122"}],"version-history":[{"count":0,"href":"https:\/\/diarioregionaldigital.com.br\/index.php?rest_route=\/wp\/v2\/posts\/86122\/revisions"}],"wp:featuredmedia":[{"embeddable":true,"href":"https:\/\/diarioregionaldigital.com.br\/index.php?rest_route=\/wp\/v2\/media\/86121"}],"wp:attachment":[{"href":"https:\/\/diarioregionaldigital.com.br\/index.php?rest_route=%2Fwp%2Fv2%2Fmedia&parent=86122"}],"wp:term":[{"taxonomy":"category","embeddable":true,"href":"https:\/\/diarioregionaldigital.com.br\/index.php?rest_route=%2Fwp%2Fv2%2Fcategories&post=86122"},{"taxonomy":"post_tag","embeddable":true,"href":"https:\/\/diarioregionaldigital.com.br\/index.php?rest_route=%2Fwp%2Fv2%2Ftags&post=86122"}],"curies":[{"name":"wp","href":"https:\/\/api.w.org\/{rel}","templated":true}]}}