{"id":86100,"date":"2017-11-27T12:50:37","date_gmt":"2017-11-27T14:50:37","guid":{"rendered":"http:\/\/diarioregionaljf.com.br\/2017\/11\/27\/acidente-automobilistico-em-trevo-de-bicas-deixa-quatro-feridos\/"},"modified":"2017-11-27T12:50:37","modified_gmt":"2017-11-27T14:50:37","slug":"acidente-automobilistico-em-trevo-de-bicas-deixa-quatro-feridos","status":"publish","type":"post","link":"https:\/\/diarioregionaldigital.com.br\/?p=86100","title":{"rendered":"Acidente automobil\u00edstico em trevo de Bicas deixa quatro feridos"},"content":{"rendered":"<p>O Corpo de Bombeiros Militar atendeu a um acidente automobil\u00edstico na manh\u00e3 deste domingo, 26, no trevo da cidade de Bicas.<\/p>\n<p>De acordo com os bombeiros, o condutor do ve\u00edculo, da marca Ford Ka, perdeu o controle direcional e caiu em uma ribanceira.<\/p>\n<p>Quatro pessoas estavam no carro, sendo que uma v\u00edtima se encontrava com suspeita de fratura de pelve, uma com traumatismo craniano grave, outras duas com escoria\u00e7\u00f5es pelo corpo.<\/p>\n<p>As v\u00edtimas foram socorridas pelo Servi\u00e7o de Atendimento M\u00f3vel de Urg\u00eancia (SAMU) e por ambul\u00e2ncias da prefeitura de Bicas. Encaminhadas para hospitais.<\/p>\n<p>Fonte: Corpo de Bombeiros<\/p>\n","protected":false},"excerpt":{"rendered":"<p>O Corpo de Bombeiros Militar atendeu a um acidente automobil\u00edstico na manh\u00e3 deste domingo, 26, no trevo da cidade de Bicas. De acordo com os bombeiros, o condutor do ve\u00edculo, da marca Ford Ka, perdeu o controle direcional e caiu em uma ribanceira. Quatro pessoas estavam no carro, sendo que uma v\u00edtima se encontrava com [&hellip;]<\/p>\n","protected":false},"author":96,"featured_media":86099,"comment_status":"closed","ping_status":"closed","sticky":false,"template":"","format":"standard","meta":{"footnotes":""},"categories":[252],"tags":[],"class_list":["post-86100","post","type-post","status-publish","format-standard","has-post-thumbnail","hentry","category-regiao"],"_links":{"self":[{"href":"https:\/\/diarioregionaldigital.com.br\/index.php?rest_route=\/wp\/v2\/posts\/86100","targetHints":{"allow":["GET"]}}],"collection":[{"href":"https:\/\/diarioregionaldigital.com.br\/index.php?rest_route=\/wp\/v2\/posts"}],"about":[{"href":"https:\/\/diarioregionaldigital.com.br\/index.php?rest_route=\/wp\/v2\/types\/post"}],"author":[{"embeddable":true,"href":"https:\/\/diarioregionaldigital.com.br\/index.php?rest_route=\/wp\/v2\/users\/96"}],"replies":[{"embeddable":true,"href":"https:\/\/diarioregionaldigital.com.br\/index.php?rest_route=%2Fwp%2Fv2%2Fcomments&post=86100"}],"version-history":[{"count":0,"href":"https:\/\/diarioregionaldigital.com.br\/index.php?rest_route=\/wp\/v2\/posts\/86100\/revisions"}],"wp:featuredmedia":[{"embeddable":true,"href":"https:\/\/diarioregionaldigital.com.br\/index.php?rest_route=\/wp\/v2\/media\/86099"}],"wp:attachment":[{"href":"https:\/\/diarioregionaldigital.com.br\/index.php?rest_route=%2Fwp%2Fv2%2Fmedia&parent=86100"}],"wp:term":[{"taxonomy":"category","embeddable":true,"href":"https:\/\/diarioregionaldigital.com.br\/index.php?rest_route=%2Fwp%2Fv2%2Fcategories&post=86100"},{"taxonomy":"post_tag","embeddable":true,"href":"https:\/\/diarioregionaldigital.com.br\/index.php?rest_route=%2Fwp%2Fv2%2Ftags&post=86100"}],"curies":[{"name":"wp","href":"https:\/\/api.w.org\/{rel}","templated":true}]}}