{"id":86098,"date":"2017-11-27T12:04:16","date_gmt":"2017-11-27T14:04:16","guid":{"rendered":"http:\/\/diarioregionaljf.com.br\/2017\/11\/27\/homem-e-assassinado-com-tiro-na-cabeca-no-bairro-marumbi\/"},"modified":"2017-11-27T12:04:16","modified_gmt":"2017-11-27T14:04:16","slug":"homem-e-assassinado-com-tiro-na-cabeca-no-bairro-marumbi","status":"publish","type":"post","link":"https:\/\/diarioregionaldigital.com.br\/?p=86098","title":{"rendered":"Homem \u00e9 assassinado com tiro na cabe\u00e7a no bairro Marumbi"},"content":{"rendered":"<p>Um homem de 44 anos foi v\u00edtima de homic\u00eddio na madrugada deste domingo, 26, no bairro Marumbi, localizado na zona Leste de Juiz de Fora.<\/p>\n<p>Segundo informa\u00e7\u00f5es do registro de ocorr\u00eancias, foi solicitado, atrav\u00e9s de liga\u00e7\u00e3o do 190, a presen\u00e7a da Pol\u00edcia Militar (PM) na Rua Bar\u00e3o do Retiro a fim de averiguar disparos de arma de fogo.<\/p>\n<p>Ao chegar ao local, os policiais de depararam com a v\u00edtima ca\u00edda ao solo. O Servi\u00e7o de Atendimento M\u00f3vel de Urg\u00eancia (SAMU) foi acionado, mas ao chegar ao local constatou a morte da v\u00edtima. O homem foi atingido por um disparo de arma de fogo na altura do nariz.<\/p>\n<p>Em relato \u00e0 PM, algumas pessoas que encontravam-se no local afirmaram terem visto um indiv\u00edduo suspeito no momento do crime, entretanto, o mesmo estava com capuz e bon\u00e9, o que dificultou sua identifica\u00e7\u00e3o.<\/p>\n<p>A per\u00edcia compareceu ao local a fim de realizar os servi\u00e7os de praxe.<\/p>\n<p>Segundo relatos de familiares da v\u00edtima, o mesmo era usu\u00e1rio de drogas e estava envolvido com indiv\u00edduos suspeitos de cometerem atos il\u00edcitos.<\/p>\n<p>O corpo foi removido por uma funer\u00e1ria at\u00e9 o Instituto M\u00e9dico Legal (IML).<\/p>\n<p>O suspeito do crime n\u00e3o foi localizado.<\/p>\n","protected":false},"excerpt":{"rendered":"<p>Um homem de 44 anos foi v\u00edtima de homic\u00eddio na madrugada deste domingo, 26, no bairro Marumbi, localizado na zona Leste de Juiz de Fora. Segundo informa\u00e7\u00f5es do registro de ocorr\u00eancias, foi solicitado, atrav\u00e9s de liga\u00e7\u00e3o do 190, a presen\u00e7a da Pol\u00edcia Militar (PM) na Rua Bar\u00e3o do Retiro a fim de averiguar disparos de [&hellip;]<\/p>\n","protected":false},"author":96,"featured_media":86097,"comment_status":"closed","ping_status":"closed","sticky":false,"template":"","format":"standard","meta":{"footnotes":""},"categories":[301],"tags":[],"class_list":["post-86098","post","type-post","status-publish","format-standard","has-post-thumbnail","hentry","category-artigos-policiais"],"_links":{"self":[{"href":"https:\/\/diarioregionaldigital.com.br\/index.php?rest_route=\/wp\/v2\/posts\/86098","targetHints":{"allow":["GET"]}}],"collection":[{"href":"https:\/\/diarioregionaldigital.com.br\/index.php?rest_route=\/wp\/v2\/posts"}],"about":[{"href":"https:\/\/diarioregionaldigital.com.br\/index.php?rest_route=\/wp\/v2\/types\/post"}],"author":[{"embeddable":true,"href":"https:\/\/diarioregionaldigital.com.br\/index.php?rest_route=\/wp\/v2\/users\/96"}],"replies":[{"embeddable":true,"href":"https:\/\/diarioregionaldigital.com.br\/index.php?rest_route=%2Fwp%2Fv2%2Fcomments&post=86098"}],"version-history":[{"count":0,"href":"https:\/\/diarioregionaldigital.com.br\/index.php?rest_route=\/wp\/v2\/posts\/86098\/revisions"}],"wp:featuredmedia":[{"embeddable":true,"href":"https:\/\/diarioregionaldigital.com.br\/index.php?rest_route=\/wp\/v2\/media\/86097"}],"wp:attachment":[{"href":"https:\/\/diarioregionaldigital.com.br\/index.php?rest_route=%2Fwp%2Fv2%2Fmedia&parent=86098"}],"wp:term":[{"taxonomy":"category","embeddable":true,"href":"https:\/\/diarioregionaldigital.com.br\/index.php?rest_route=%2Fwp%2Fv2%2Fcategories&post=86098"},{"taxonomy":"post_tag","embeddable":true,"href":"https:\/\/diarioregionaldigital.com.br\/index.php?rest_route=%2Fwp%2Fv2%2Ftags&post=86098"}],"curies":[{"name":"wp","href":"https:\/\/api.w.org\/{rel}","templated":true}]}}