{"id":86096,"date":"2017-11-27T11:48:36","date_gmt":"2017-11-27T13:48:36","guid":{"rendered":"http:\/\/diarioregionaljf.com.br\/2017\/11\/27\/jovem-sofre-tentativa-de-homicidio-no-bairro-ipiranga-2\/"},"modified":"2017-11-27T11:48:36","modified_gmt":"2017-11-27T13:48:36","slug":"jovem-sofre-tentativa-de-homicidio-no-bairro-ipiranga-2","status":"publish","type":"post","link":"https:\/\/diarioregionaldigital.com.br\/?p=86096","title":{"rendered":"Jovem sofre tentativa de homic\u00eddio no bairro Ipiranga"},"content":{"rendered":"<p>Um jovem de 22 anos foi v\u00edtima de uma tentativa de homic\u00eddio na tarde deste domingo, 26, no bairro Ipiranga, localizado na zona Sul de Juiz de Fora.<\/p>\n<p>De acordo com o registro de ocorr\u00eancias da Pol\u00edcia Militar (PM), o jovem passava pela Rua Lic\u00ednio Pereira Cortes quando foi atingido por disparos de arama de fogo. Os tiros atingiram a regi\u00e3o das n\u00e1degas da v\u00edtima. O Servi\u00e7o de Atendimento M\u00f3vel de Urg\u00eancia (SAMU) compareceu ao local e encaminhou o jovem at\u00e9 o Hospital de Pronto Socorro (HPS).<\/p>\n<p>Segundo informa\u00e7\u00f5es levantadas pela PM, os suspeitos do crime seriam dois indiv\u00edduos do bairro Ipiranga. Eles n\u00e3o foram localizados.<\/p>\n<p>A v\u00edtima n\u00e3o corre risco de morte.<\/p>\n","protected":false},"excerpt":{"rendered":"<p>Um jovem de 22 anos foi v\u00edtima de uma tentativa de homic\u00eddio na tarde deste domingo, 26, no bairro Ipiranga, localizado na zona Sul de Juiz de Fora. De acordo com o registro de ocorr\u00eancias da Pol\u00edcia Militar (PM), o jovem passava pela Rua Lic\u00ednio Pereira Cortes quando foi atingido por disparos de arama de [&hellip;]<\/p>\n","protected":false},"author":96,"featured_media":86095,"comment_status":"closed","ping_status":"closed","sticky":false,"template":"","format":"standard","meta":{"footnotes":""},"categories":[301],"tags":[],"class_list":["post-86096","post","type-post","status-publish","format-standard","has-post-thumbnail","hentry","category-artigos-policiais"],"_links":{"self":[{"href":"https:\/\/diarioregionaldigital.com.br\/index.php?rest_route=\/wp\/v2\/posts\/86096","targetHints":{"allow":["GET"]}}],"collection":[{"href":"https:\/\/diarioregionaldigital.com.br\/index.php?rest_route=\/wp\/v2\/posts"}],"about":[{"href":"https:\/\/diarioregionaldigital.com.br\/index.php?rest_route=\/wp\/v2\/types\/post"}],"author":[{"embeddable":true,"href":"https:\/\/diarioregionaldigital.com.br\/index.php?rest_route=\/wp\/v2\/users\/96"}],"replies":[{"embeddable":true,"href":"https:\/\/diarioregionaldigital.com.br\/index.php?rest_route=%2Fwp%2Fv2%2Fcomments&post=86096"}],"version-history":[{"count":0,"href":"https:\/\/diarioregionaldigital.com.br\/index.php?rest_route=\/wp\/v2\/posts\/86096\/revisions"}],"wp:featuredmedia":[{"embeddable":true,"href":"https:\/\/diarioregionaldigital.com.br\/index.php?rest_route=\/wp\/v2\/media\/86095"}],"wp:attachment":[{"href":"https:\/\/diarioregionaldigital.com.br\/index.php?rest_route=%2Fwp%2Fv2%2Fmedia&parent=86096"}],"wp:term":[{"taxonomy":"category","embeddable":true,"href":"https:\/\/diarioregionaldigital.com.br\/index.php?rest_route=%2Fwp%2Fv2%2Fcategories&post=86096"},{"taxonomy":"post_tag","embeddable":true,"href":"https:\/\/diarioregionaldigital.com.br\/index.php?rest_route=%2Fwp%2Fv2%2Ftags&post=86096"}],"curies":[{"name":"wp","href":"https:\/\/api.w.org\/{rel}","templated":true}]}}