{"id":86094,"date":"2017-11-27T11:16:05","date_gmt":"2017-11-27T13:16:05","guid":{"rendered":"http:\/\/diarioregionaljf.com.br\/2017\/11\/27\/acidente-envolvendo-carros-e-onibus-deixa-uma-mulher-ferida-na-rio-branco\/"},"modified":"2017-11-27T11:16:05","modified_gmt":"2017-11-27T13:16:05","slug":"acidente-envolvendo-carros-e-onibus-deixa-uma-mulher-ferida-na-rio-branco","status":"publish","type":"post","link":"https:\/\/diarioregionaldigital.com.br\/?p=86094","title":{"rendered":"Acidente envolvendo carros e \u00f4nibus deixa uma mulher ferida na Rio Branco"},"content":{"rendered":"<p>Um acidente automobil\u00edstico envolvendo tr\u00eas ve\u00edculos, dentre eles um \u00f4nibus, ocorreu na noite deste domingo, 26, no cruzamento da Rua Am\u00e9rico Lobo, com a Avenida Rio Branco, regi\u00e3o central de Juiz de Fora.<\/p>\n<p>A Pol\u00edcia Militar (PM) compareceu ao local a fim de apurar a ocorr\u00eancia e recolher relatos a respeito do fato. De acordo com informa\u00e7\u00f5es do registro de ocorr\u00eancias, o condutor do ve\u00edculo Peugeot, de 33 anos, relatou que transitava pela Avenida Rio Branco, quando pr\u00f3ximo ao cruzamento, passou por uma faixa elevada existente no local e logo depois, veio a bater contra um \u00f4nibus, n\u00e3o se recordando de mais nada.<\/p>\n<p>Segundo o relato da motorista do \u00f4nibus, de 52 anos, ela tamb\u00e9m transitava pela Avenida Rio Branco quando o ve\u00edculo Peugeot colidiu contra a traseira do seu ve\u00edculo, e em seguida rodou na pista vindo a colidir tamb\u00e9m contra a traseira de um carro da marca Toyota. Fato que tamb\u00e9m foi confirmado atrav\u00e9s do relato do motorista do Toyota, de 38 anos.<\/p>\n<p>O condutor do Peugeot sofreu escoria\u00e7\u00f5es, entretanto, recusou atendimento m\u00e9dico. Uma passageira, que tamb\u00e9m estava no ve\u00edculo, teria sido arremessada para fora do carro com o impacto, segundo relatos de pessoas presentes no local. Ela foi socorrida pelo Servi\u00e7o de Atendimento M\u00f3vel de Urg\u00eancia (SAMU) e encaminhada para o Hospital de Pronto Socorro (HPS) onde recebeu atendimento e segue internada.<\/p>\n<p>Durante a entrevista com o condutor do Peugeot, a PM constatou que o mesmo encontrava-se com sinais vis\u00edveis de embriaguez, como por exemplo, h\u00e1lito et\u00edlico, andar cambaleante, olhos vermelhos e fala desconexa. Os policiais convidaram o condutor a realizar o teste do baf\u00f4metro, o que foi recusado.<\/p>\n<p>Mediante os fatos, o ve\u00edculo Peugeot foi notificado pela infra\u00e7\u00e3o e removido ao p\u00e1tio da empresa conveniada. Um perito compareceu ao local a fim de realizar os trabalhos de praxe.<\/p>\n<p>O condutor do Peugeot recebeu voz de pris\u00e3o em flagrante delito e foi conduzido a delegacia de plant\u00e3o.<\/p>\n<p>N\u00e3o houve acordo entre as partes envolvidas no acidente. Elas receberam as devidas orienta\u00e7\u00f5es.<\/p>\n","protected":false},"excerpt":{"rendered":"<p>Um acidente automobil\u00edstico envolvendo tr\u00eas ve\u00edculos, dentre eles um \u00f4nibus, ocorreu na noite deste domingo, 26, no cruzamento da Rua Am\u00e9rico Lobo, com a Avenida Rio Branco, regi\u00e3o central de Juiz de Fora. A Pol\u00edcia Militar (PM) compareceu ao local a fim de apurar a ocorr\u00eancia e recolher relatos a respeito do fato. De acordo [&hellip;]<\/p>\n","protected":false},"author":96,"featured_media":86093,"comment_status":"closed","ping_status":"closed","sticky":false,"template":"","format":"standard","meta":{"footnotes":""},"categories":[301],"tags":[],"class_list":["post-86094","post","type-post","status-publish","format-standard","has-post-thumbnail","hentry","category-artigos-policiais"],"_links":{"self":[{"href":"https:\/\/diarioregionaldigital.com.br\/index.php?rest_route=\/wp\/v2\/posts\/86094","targetHints":{"allow":["GET"]}}],"collection":[{"href":"https:\/\/diarioregionaldigital.com.br\/index.php?rest_route=\/wp\/v2\/posts"}],"about":[{"href":"https:\/\/diarioregionaldigital.com.br\/index.php?rest_route=\/wp\/v2\/types\/post"}],"author":[{"embeddable":true,"href":"https:\/\/diarioregionaldigital.com.br\/index.php?rest_route=\/wp\/v2\/users\/96"}],"replies":[{"embeddable":true,"href":"https:\/\/diarioregionaldigital.com.br\/index.php?rest_route=%2Fwp%2Fv2%2Fcomments&post=86094"}],"version-history":[{"count":0,"href":"https:\/\/diarioregionaldigital.com.br\/index.php?rest_route=\/wp\/v2\/posts\/86094\/revisions"}],"wp:featuredmedia":[{"embeddable":true,"href":"https:\/\/diarioregionaldigital.com.br\/index.php?rest_route=\/wp\/v2\/media\/86093"}],"wp:attachment":[{"href":"https:\/\/diarioregionaldigital.com.br\/index.php?rest_route=%2Fwp%2Fv2%2Fmedia&parent=86094"}],"wp:term":[{"taxonomy":"category","embeddable":true,"href":"https:\/\/diarioregionaldigital.com.br\/index.php?rest_route=%2Fwp%2Fv2%2Fcategories&post=86094"},{"taxonomy":"post_tag","embeddable":true,"href":"https:\/\/diarioregionaldigital.com.br\/index.php?rest_route=%2Fwp%2Fv2%2Ftags&post=86094"}],"curies":[{"name":"wp","href":"https:\/\/api.w.org\/{rel}","templated":true}]}}