{"id":86092,"date":"2017-11-25T14:51:22","date_gmt":"2017-11-25T16:51:22","guid":{"rendered":"http:\/\/diarioregionaljf.com.br\/2017\/11\/25\/mulher-e-assaltada-a-mao-armada-em-ponto-de-onibus-no-francisco-bernardino\/"},"modified":"2017-11-25T14:51:22","modified_gmt":"2017-11-25T16:51:22","slug":"mulher-e-assaltada-a-mao-armada-em-ponto-de-onibus-no-francisco-bernardino","status":"publish","type":"post","link":"https:\/\/diarioregionaldigital.com.br\/?p=86092","title":{"rendered":"Mulher \u00e9 assaltada \u00e0 m\u00e3o armada em ponto de \u00f4nibus no Francisco Bernardino"},"content":{"rendered":"<p>Uma mulher de 32 anos foi v\u00edtima de assalto na noite desta sexta-feira, 24, no bairro Francisco Bernardino, localizado na zona Norte de Juiz de Fora.<\/p>\n<p>De acordo com o registro de ocorr\u00eancias da Pol\u00edcia Militar (PM), a v\u00edtima aguardava um \u00f4nibus em um ponto localizado na Rua Ab\u00edlio Gomes, quando foi abordada por um indiv\u00edduo armado com um rev\u00f3lver.<\/p>\n<p>O indiv\u00edduo anunciou o assalto e exigiu que a v\u00edtima entregasse sua bolsa, o que foi feito prontamente. Ap\u00f3s o roubo, o autor fugiu em dire\u00e7\u00e3o ao bairro Jardim Natal. No interior da bolsa encontrava-se o celular da v\u00edtima, al\u00e9m de R$200.<\/p>\n<p>Durante o registro da ocorr\u00eancia foi apresentado fotos de poss\u00edveis suspeitos do crime, tendo a v\u00edtima identificado o autor, que seria um homem de 32 anos.<br \/>A PM realizou buscas, mas o assaltante n\u00e3o foi localizado.<\/p>\n","protected":false},"excerpt":{"rendered":"<p>Uma mulher de 32 anos foi v\u00edtima de assalto na noite desta sexta-feira, 24, no bairro Francisco Bernardino, localizado na zona Norte de Juiz de Fora. De acordo com o registro de ocorr\u00eancias da Pol\u00edcia Militar (PM), a v\u00edtima aguardava um \u00f4nibus em um ponto localizado na Rua Ab\u00edlio Gomes, quando foi abordada por um [&hellip;]<\/p>\n","protected":false},"author":96,"featured_media":86091,"comment_status":"closed","ping_status":"closed","sticky":false,"template":"","format":"standard","meta":{"footnotes":""},"categories":[301],"tags":[],"class_list":["post-86092","post","type-post","status-publish","format-standard","has-post-thumbnail","hentry","category-artigos-policiais"],"_links":{"self":[{"href":"https:\/\/diarioregionaldigital.com.br\/index.php?rest_route=\/wp\/v2\/posts\/86092","targetHints":{"allow":["GET"]}}],"collection":[{"href":"https:\/\/diarioregionaldigital.com.br\/index.php?rest_route=\/wp\/v2\/posts"}],"about":[{"href":"https:\/\/diarioregionaldigital.com.br\/index.php?rest_route=\/wp\/v2\/types\/post"}],"author":[{"embeddable":true,"href":"https:\/\/diarioregionaldigital.com.br\/index.php?rest_route=\/wp\/v2\/users\/96"}],"replies":[{"embeddable":true,"href":"https:\/\/diarioregionaldigital.com.br\/index.php?rest_route=%2Fwp%2Fv2%2Fcomments&post=86092"}],"version-history":[{"count":0,"href":"https:\/\/diarioregionaldigital.com.br\/index.php?rest_route=\/wp\/v2\/posts\/86092\/revisions"}],"wp:featuredmedia":[{"embeddable":true,"href":"https:\/\/diarioregionaldigital.com.br\/index.php?rest_route=\/wp\/v2\/media\/86091"}],"wp:attachment":[{"href":"https:\/\/diarioregionaldigital.com.br\/index.php?rest_route=%2Fwp%2Fv2%2Fmedia&parent=86092"}],"wp:term":[{"taxonomy":"category","embeddable":true,"href":"https:\/\/diarioregionaldigital.com.br\/index.php?rest_route=%2Fwp%2Fv2%2Fcategories&post=86092"},{"taxonomy":"post_tag","embeddable":true,"href":"https:\/\/diarioregionaldigital.com.br\/index.php?rest_route=%2Fwp%2Fv2%2Ftags&post=86092"}],"curies":[{"name":"wp","href":"https:\/\/api.w.org\/{rel}","templated":true}]}}