{"id":86086,"date":"2017-11-25T14:24:36","date_gmt":"2017-11-25T16:24:36","guid":{"rendered":"http:\/\/diarioregionaljf.com.br\/2017\/11\/25\/temer-passa-bem-e-devera-retomar-atividades-na-segunda-feira\/"},"modified":"2017-11-25T14:24:36","modified_gmt":"2017-11-25T16:24:36","slug":"temer-passa-bem-e-devera-retomar-atividades-na-segunda-feira","status":"publish","type":"post","link":"https:\/\/diarioregionaldigital.com.br\/?p=86086","title":{"rendered":"Temer passa bem e dever\u00e1 retomar atividades na segunda-feira"},"content":{"rendered":"<p>A equipe m\u00e9dica do Hospital S\u00edrio-Liban\u00eas, em S\u00e3o Paulo, informou hoje (25), em entrevista, que o presidente Michel Temer passa bem, depois de ser submetido, na noite dessa sexta-feira (24), a uma angioplastia, com a implanta\u00e7\u00e3o de stents (dispositivo usado para desobstru\u00e7\u00e3o) em duas art\u00e9rias coron\u00e1rias. As informa\u00e7\u00f5es foram dadas pelos m\u00e9dicos Roberto Kalil Filho e Miguel Srougi. A cirurgia durou cerca de uma hora e meia.<\/p>\n<p>Miguel Srougi afirmou que a interven\u00e7\u00e3o foi necess\u00e1ria e pode garantir maior qualidade de vida e longevidade.<\/p>\n<p>O presidente est\u00e1 bem, j\u00e1 caminha pelo quarto e dever\u00e1 ter alta segunda-feira (27) de manh\u00e3. quando retomar\u00e1 suas atividades.<\/p>\n<p>Fonte: Ag\u00eancia Brasil<\/p>\n","protected":false},"excerpt":{"rendered":"<p>A equipe m\u00e9dica do Hospital S\u00edrio-Liban\u00eas, em S\u00e3o Paulo, informou hoje (25), em entrevista, que o presidente Michel Temer passa bem, depois de ser submetido, na noite dessa sexta-feira (24), a uma angioplastia, com a implanta\u00e7\u00e3o de stents (dispositivo usado para desobstru\u00e7\u00e3o) em duas art\u00e9rias coron\u00e1rias. As informa\u00e7\u00f5es foram dadas pelos m\u00e9dicos Roberto Kalil Filho [&hellip;]<\/p>\n","protected":false},"author":96,"featured_media":86085,"comment_status":"closed","ping_status":"closed","sticky":false,"template":"","format":"standard","meta":{"footnotes":""},"categories":[254],"tags":[],"class_list":["post-86086","post","type-post","status-publish","format-standard","has-post-thumbnail","hentry","category-politica"],"_links":{"self":[{"href":"https:\/\/diarioregionaldigital.com.br\/index.php?rest_route=\/wp\/v2\/posts\/86086","targetHints":{"allow":["GET"]}}],"collection":[{"href":"https:\/\/diarioregionaldigital.com.br\/index.php?rest_route=\/wp\/v2\/posts"}],"about":[{"href":"https:\/\/diarioregionaldigital.com.br\/index.php?rest_route=\/wp\/v2\/types\/post"}],"author":[{"embeddable":true,"href":"https:\/\/diarioregionaldigital.com.br\/index.php?rest_route=\/wp\/v2\/users\/96"}],"replies":[{"embeddable":true,"href":"https:\/\/diarioregionaldigital.com.br\/index.php?rest_route=%2Fwp%2Fv2%2Fcomments&post=86086"}],"version-history":[{"count":0,"href":"https:\/\/diarioregionaldigital.com.br\/index.php?rest_route=\/wp\/v2\/posts\/86086\/revisions"}],"wp:featuredmedia":[{"embeddable":true,"href":"https:\/\/diarioregionaldigital.com.br\/index.php?rest_route=\/wp\/v2\/media\/86085"}],"wp:attachment":[{"href":"https:\/\/diarioregionaldigital.com.br\/index.php?rest_route=%2Fwp%2Fv2%2Fmedia&parent=86086"}],"wp:term":[{"taxonomy":"category","embeddable":true,"href":"https:\/\/diarioregionaldigital.com.br\/index.php?rest_route=%2Fwp%2Fv2%2Fcategories&post=86086"},{"taxonomy":"post_tag","embeddable":true,"href":"https:\/\/diarioregionaldigital.com.br\/index.php?rest_route=%2Fwp%2Fv2%2Ftags&post=86086"}],"curies":[{"name":"wp","href":"https:\/\/api.w.org\/{rel}","templated":true}]}}