{"id":86084,"date":"2017-11-25T14:12:26","date_gmt":"2017-11-25T16:12:26","guid":{"rendered":"http:\/\/diarioregionaljf.com.br\/2017\/11\/25\/jovem-e-vitima-de-tentativa-de-homicidio-no-bairro-vila-alpina\/"},"modified":"2017-11-25T14:12:26","modified_gmt":"2017-11-25T16:12:26","slug":"jovem-e-vitima-de-tentativa-de-homicidio-no-bairro-vila-alpina","status":"publish","type":"post","link":"https:\/\/diarioregionaldigital.com.br\/?p=86084","title":{"rendered":"Jovem \u00e9 v\u00edtima de tentativa de homic\u00eddio no bairro Vila Alpina"},"content":{"rendered":"<p>Um jovem de 23 anos foi v\u00edtima de uma tentativa de homic\u00eddio na madrugada deste s\u00e1bado, 25, no bairro Vila Alpina, localizado na zona Leste de Juiz de Fora.<\/p>\n<p>Segundo informa\u00e7\u00f5es do registro de ocorr\u00eancias, foi solicitada a presen\u00e7a da Pol\u00edcia Militar (PM) na Rua Joaquim Gon\u00e7alves Ledo, onde a v\u00edtima estaria ferida.<\/p>\n<p>Ao chegar ao local, a guarni\u00e7\u00e3o da PM encontrou o jovem ca\u00eddo ao solo com algumas perfura\u00e7\u00f5es no rosto, perdendo muito sangue e agonizando. Ele foi encaminhado para o Hospital de Pronto Socorro (HPS).<\/p>\n<p>Uma testemunha relatou aos policiais que acompanhava a v\u00edtima ap\u00f3s os mesmos terem retornado de um baile em uma boate. Ele explicou que ambos voltaram de t\u00e1xi, pararam na Rua Eurico Viana e seguiram subindo pela Rua Joaquim Gon\u00e7alves Ledo. Neste momento dois indiv\u00edduos que encontravam-se escondidos surgiram e um deles teria sacado um rev\u00f3lver e atirado na cabe\u00e7a da v\u00edtima. A testemunha explicou que ao ouviu disparos tamb\u00e9m em sua dire\u00e7\u00e3o e fugiu, entretanto os disparo em dire\u00e7\u00e3o ao companheiro vieram a atingi-lo.<\/p>\n<p>Em entrevista continuada da testemunha, os policiais come\u00e7aram a notar que ela vinha se contradizendo em alguns pontos. Em determinados trechos falava que passaram por uma dupla em uma moto, depois afirmava que os autores estavam escondidos. Perguntado por que teriam descido do t\u00e1xi antes de chegar em frente \u00e0 resid\u00eancia, disse que o taxista n\u00e3o quis subir a rua devido a roubos ocorridos no local. Tamb\u00e9m questionado em rela\u00e7\u00e3o aos poss\u00edveis autores do crime, a testemunha n\u00e3o quis responder.<\/p>\n<p>No local do crime a PM n\u00e3o encontrou nenhum estojo de muni\u00e7\u00e3o e nem marcas de sangue, assim n\u00e3o foi efetuado disparo com arma semi ou autom\u00e1tica.<\/p>\n<p>O caso ser\u00e1 investigado.<\/p>\n<p>A v\u00edtima segue internada.<\/p>\n","protected":false},"excerpt":{"rendered":"<p>Um jovem de 23 anos foi v\u00edtima de uma tentativa de homic\u00eddio na madrugada deste s\u00e1bado, 25, no bairro Vila Alpina, localizado na zona Leste de Juiz de Fora. Segundo informa\u00e7\u00f5es do registro de ocorr\u00eancias, foi solicitada a presen\u00e7a da Pol\u00edcia Militar (PM) na Rua Joaquim Gon\u00e7alves Ledo, onde a v\u00edtima estaria ferida. Ao chegar [&hellip;]<\/p>\n","protected":false},"author":96,"featured_media":86083,"comment_status":"closed","ping_status":"closed","sticky":false,"template":"","format":"standard","meta":{"footnotes":""},"categories":[301],"tags":[],"class_list":["post-86084","post","type-post","status-publish","format-standard","has-post-thumbnail","hentry","category-artigos-policiais"],"_links":{"self":[{"href":"https:\/\/diarioregionaldigital.com.br\/index.php?rest_route=\/wp\/v2\/posts\/86084","targetHints":{"allow":["GET"]}}],"collection":[{"href":"https:\/\/diarioregionaldigital.com.br\/index.php?rest_route=\/wp\/v2\/posts"}],"about":[{"href":"https:\/\/diarioregionaldigital.com.br\/index.php?rest_route=\/wp\/v2\/types\/post"}],"author":[{"embeddable":true,"href":"https:\/\/diarioregionaldigital.com.br\/index.php?rest_route=\/wp\/v2\/users\/96"}],"replies":[{"embeddable":true,"href":"https:\/\/diarioregionaldigital.com.br\/index.php?rest_route=%2Fwp%2Fv2%2Fcomments&post=86084"}],"version-history":[{"count":0,"href":"https:\/\/diarioregionaldigital.com.br\/index.php?rest_route=\/wp\/v2\/posts\/86084\/revisions"}],"wp:featuredmedia":[{"embeddable":true,"href":"https:\/\/diarioregionaldigital.com.br\/index.php?rest_route=\/wp\/v2\/media\/86083"}],"wp:attachment":[{"href":"https:\/\/diarioregionaldigital.com.br\/index.php?rest_route=%2Fwp%2Fv2%2Fmedia&parent=86084"}],"wp:term":[{"taxonomy":"category","embeddable":true,"href":"https:\/\/diarioregionaldigital.com.br\/index.php?rest_route=%2Fwp%2Fv2%2Fcategories&post=86084"},{"taxonomy":"post_tag","embeddable":true,"href":"https:\/\/diarioregionaldigital.com.br\/index.php?rest_route=%2Fwp%2Fv2%2Ftags&post=86084"}],"curies":[{"name":"wp","href":"https:\/\/api.w.org\/{rel}","templated":true}]}}