{"id":86078,"date":"2017-11-25T12:44:12","date_gmt":"2017-11-25T14:44:12","guid":{"rendered":"http:\/\/diarioregionaljf.com.br\/2017\/11\/25\/conservatorio-estadual-de-musica-lia-salgado-apresentara-cantata-de-natal-em-frente-ao-centro-cultural\/"},"modified":"2017-11-25T12:44:12","modified_gmt":"2017-11-25T14:44:12","slug":"conservatorio-estadual-de-musica-lia-salgado-apresentara-cantata-de-natal-em-frente-ao-centro-cultural","status":"publish","type":"post","link":"https:\/\/diarioregionaldigital.com.br\/?p=86078","title":{"rendered":"Conservat\u00f3rio Estadual de M\u00fasica Lia Salgado apresentar\u00e1 Cantata de Natal em frente ao Centro Cultural"},"content":{"rendered":"<p>O Conservat\u00f3rio Estadual de M\u00fasica Lia Salgado (C. E. M.) prepara os \u00faltimos detalhes para a apresenta\u00e7\u00e3o da sua tradicional Cantata de Natal, programada para o dia 3 de dezembro, \u00e0s 20h00. Este ano, pela primeira vez o espet\u00e1culo ser\u00e1 realizado diante do Centro Cultural Mauro de Almeida Pereira, localizado na Rua Jo\u00e3o Lamarca, na Pra\u00e7a F\u00e9lix Martins.<\/p>\n<p>Em entrevista concedida ao Jornal O Vigilante Online, a diretora do Conservat\u00f3rio, Simone Seoldo (foto), esclareceu que o Coral ficar\u00e1 na escadaria e nas janelas superiores do Centro Cultural, al\u00e9m de serem colocados dois tablados nas laterais do pr\u00e9dio para que os alunos e professores possam se apresentar.<\/p>\n<p>A respeito dos temas a serem interpretados durante a Cantata, Simone revelou que este ano o repert\u00f3rio estar\u00e1 muito focado em temas natalinos. \u201cA maioria das m\u00fasicas este ano s\u00e3o voltadas para o Natal. Queremos agradar o p\u00fablico e esperamos que agrade\u201d, comentou.<\/p>\n<p>A diretora contou que os ensaios da banda, com alunos e professores do C. E. M. acontecem desde agosto para esta apresenta\u00e7\u00e3o. \u201cA banda est\u00e1 sendo formada com aproximadamente 90% de alunos nossos. S\u00e3o alunos do canto l\u00edrico, crian\u00e7as que ganham o festival de talentos que promovemos dentro da escola. \u00c0s vezes convidamos algu\u00e9m que pede pra fazer parte desse momento com a gente\u201d, acrescentou Simone.<\/p>\n<p>Expectativa para o evento<\/p>\n<p>Simone Seoldo destacou que a cada ano os professores, alunos, enfim, todos os 108 servidores do Conservat\u00f3rio, chegam mais emocionados para participar do evento. \u201cNossos alunos s\u00e3o os artistas da nossa escola e a Cantata \u00e9 o momento deles mostrarem o seu trabalho. Ver a felicidade da plat\u00e9ia \u00e9 muito emocionante\u201d, argumentou a diretora.<\/p>\n<p>Apesar da tradi\u00e7\u00e3o da Cantata do Conservat\u00f3rio em Leopoldina, cuja primeira edi\u00e7\u00e3o aconteceu em 2005, as dificuldades s\u00e3o imensas para realiza\u00e7\u00e3o do evento. \u201cEste ano tivemos uma parceria com a Secretaria Municipal de Cultura de Leopoldina, com R$ 5 mil reais, nos ajudando na montagem do palco, com o som e a ilumina\u00e7\u00e3o. A Laura Queiroz \u00e9 uma aluna nossa que tem colaborado indo de porta em porta no com\u00e9rcio, solicitando apoio, destinado a custear a realiza\u00e7\u00e3o do evento. Estamos trabalhando para conseguir os recursos necess\u00e1rios para cobrir as despesas com o espet\u00e1culo\u201d, relatou Simone Seoldo, que agradeceu ao com\u00e9rcio que est\u00e1 colaborando com a institui\u00e7\u00e3o de ensino musical e tamb\u00e9m \u00e0 Prefeitura de Leopoldina, atrav\u00e9s da Secretaria Municipal de Cultura, \u201cuma parceria que deu certo. Estamos nos sentindo muito queridos pela cidade, pela administra\u00e7\u00e3o municipal. Estamos muito felizes por todo este reconhecimento\u201d, concluiu Simone.<\/p>\n<p>De acordo com as informa\u00e7\u00f5es obtidas pela reportagem, cerca de 500 pessoas, entre alunos, servidores da escola e familiares dos alunos est\u00e3o envolvidos neste projeto.<\/p>\n<p>Criado pela Lei n\u00ba 1.123, de 03 de novembro de 1954, o Conservat\u00f3rio Estadual de M\u00fasica Lia Salgado foi instalado e passou a funcionar em 23 de janeiro de 1956.<\/p>\n<p>Fonte: O VIGILANTE ONLINE<\/p>\n","protected":false},"excerpt":{"rendered":"<p>O Conservat\u00f3rio Estadual de M\u00fasica Lia Salgado (C. E. M.) prepara os \u00faltimos detalhes para a apresenta\u00e7\u00e3o da sua tradicional Cantata de Natal, programada para o dia 3 de dezembro, \u00e0s 20h00. Este ano, pela primeira vez o espet\u00e1culo ser\u00e1 realizado diante do Centro Cultural Mauro de Almeida Pereira, localizado na Rua Jo\u00e3o Lamarca, na [&hellip;]<\/p>\n","protected":false},"author":96,"featured_media":86077,"comment_status":"closed","ping_status":"closed","sticky":false,"template":"","format":"standard","meta":{"footnotes":""},"categories":[252],"tags":[],"class_list":["post-86078","post","type-post","status-publish","format-standard","has-post-thumbnail","hentry","category-regiao"],"_links":{"self":[{"href":"https:\/\/diarioregionaldigital.com.br\/index.php?rest_route=\/wp\/v2\/posts\/86078","targetHints":{"allow":["GET"]}}],"collection":[{"href":"https:\/\/diarioregionaldigital.com.br\/index.php?rest_route=\/wp\/v2\/posts"}],"about":[{"href":"https:\/\/diarioregionaldigital.com.br\/index.php?rest_route=\/wp\/v2\/types\/post"}],"author":[{"embeddable":true,"href":"https:\/\/diarioregionaldigital.com.br\/index.php?rest_route=\/wp\/v2\/users\/96"}],"replies":[{"embeddable":true,"href":"https:\/\/diarioregionaldigital.com.br\/index.php?rest_route=%2Fwp%2Fv2%2Fcomments&post=86078"}],"version-history":[{"count":0,"href":"https:\/\/diarioregionaldigital.com.br\/index.php?rest_route=\/wp\/v2\/posts\/86078\/revisions"}],"wp:featuredmedia":[{"embeddable":true,"href":"https:\/\/diarioregionaldigital.com.br\/index.php?rest_route=\/wp\/v2\/media\/86077"}],"wp:attachment":[{"href":"https:\/\/diarioregionaldigital.com.br\/index.php?rest_route=%2Fwp%2Fv2%2Fmedia&parent=86078"}],"wp:term":[{"taxonomy":"category","embeddable":true,"href":"https:\/\/diarioregionaldigital.com.br\/index.php?rest_route=%2Fwp%2Fv2%2Fcategories&post=86078"},{"taxonomy":"post_tag","embeddable":true,"href":"https:\/\/diarioregionaldigital.com.br\/index.php?rest_route=%2Fwp%2Fv2%2Ftags&post=86078"}],"curies":[{"name":"wp","href":"https:\/\/api.w.org\/{rel}","templated":true}]}}