{"id":86074,"date":"2017-11-25T12:28:06","date_gmt":"2017-11-25T14:28:06","guid":{"rendered":"http:\/\/diarioregionaljf.com.br\/2017\/11\/25\/final-de-semana-sera-com-pancadas-de-chuva-em-juiz-de-fora\/"},"modified":"2017-11-25T12:28:06","modified_gmt":"2017-11-25T14:28:06","slug":"final-de-semana-sera-com-pancadas-de-chuva-em-juiz-de-fora","status":"publish","type":"post","link":"https:\/\/diarioregionaldigital.com.br\/?p=86074","title":{"rendered":"Final de semana ser\u00e1 com pancadas de chuva em Juiz de Fora"},"content":{"rendered":"<p>O tempo chuvoso e nublado poder\u00e1 come\u00e7ar a dar espa\u00e7o ao sol e eleva\u00e7\u00e3o das temperaturas em Juiz de Fora e regi\u00e3o a partir da pr\u00f3xima semana. A zona de converg\u00eancia do atl\u00e2ntico-sul, uma faixa de nebulosidade presente desde o sul amaz\u00f4nico at\u00e9 o sudeste e que provoca grande quantidade de chuvas na regi\u00e3o, come\u00e7a a se desfazer. Entretanto o tempo nublado e as chuvas ainda podem ser esperadas nesse final de semana.<\/p>\n<p>Neste s\u00e1bado, 25, em Juiz de Fora, existe a probabilidade de varia\u00e7\u00e3o de nuvens pela manh\u00e3 com pancadas de chuva localizadas que poder\u00e3o ser fortes e vir acompanhadas de trovoadas a partir da tarde. A Temperatura m\u00e1xima chega a 25 C\u00ba e as chances de chuva seguem em 80%.<\/p>\n<p>No domingo, 26, a temperatura em juiz de fora poder\u00e1 variar entre as faixas de 18\u00baC a 23\u00baC. Da mesma forma que no s\u00e1bado, tamb\u00e9m pode ser aguardada varia\u00e7\u00e3o de nuvens pela manh\u00e3 com pancadas de chuva localizadas a tarde e a noite. Essas pancadas poder\u00e3o ser fortes e com trovoadas. As chances de chuva tamb\u00e9m seguir\u00e3o na casa dos 80%.<\/p>\n<p>As informa\u00e7\u00f5es s\u00e3o do Centro de Previs\u00e3o de Tempo e Estudos Clim\u00e1ticos (CPTEC), do Instituto Nacional de Pesquisas Espaciais (INPE).<\/p>\n","protected":false},"excerpt":{"rendered":"<p>O tempo chuvoso e nublado poder\u00e1 come\u00e7ar a dar espa\u00e7o ao sol e eleva\u00e7\u00e3o das temperaturas em Juiz de Fora e regi\u00e3o a partir da pr\u00f3xima semana. A zona de converg\u00eancia do atl\u00e2ntico-sul, uma faixa de nebulosidade presente desde o sul amaz\u00f4nico at\u00e9 o sudeste e que provoca grande quantidade de chuvas na regi\u00e3o, come\u00e7a [&hellip;]<\/p>\n","protected":false},"author":96,"featured_media":86073,"comment_status":"closed","ping_status":"closed","sticky":false,"template":"","format":"standard","meta":{"footnotes":""},"categories":[253],"tags":[],"class_list":["post-86074","post","type-post","status-publish","format-standard","has-post-thumbnail","hentry","category-cidade"],"_links":{"self":[{"href":"https:\/\/diarioregionaldigital.com.br\/index.php?rest_route=\/wp\/v2\/posts\/86074","targetHints":{"allow":["GET"]}}],"collection":[{"href":"https:\/\/diarioregionaldigital.com.br\/index.php?rest_route=\/wp\/v2\/posts"}],"about":[{"href":"https:\/\/diarioregionaldigital.com.br\/index.php?rest_route=\/wp\/v2\/types\/post"}],"author":[{"embeddable":true,"href":"https:\/\/diarioregionaldigital.com.br\/index.php?rest_route=\/wp\/v2\/users\/96"}],"replies":[{"embeddable":true,"href":"https:\/\/diarioregionaldigital.com.br\/index.php?rest_route=%2Fwp%2Fv2%2Fcomments&post=86074"}],"version-history":[{"count":0,"href":"https:\/\/diarioregionaldigital.com.br\/index.php?rest_route=\/wp\/v2\/posts\/86074\/revisions"}],"wp:featuredmedia":[{"embeddable":true,"href":"https:\/\/diarioregionaldigital.com.br\/index.php?rest_route=\/wp\/v2\/media\/86073"}],"wp:attachment":[{"href":"https:\/\/diarioregionaldigital.com.br\/index.php?rest_route=%2Fwp%2Fv2%2Fmedia&parent=86074"}],"wp:term":[{"taxonomy":"category","embeddable":true,"href":"https:\/\/diarioregionaldigital.com.br\/index.php?rest_route=%2Fwp%2Fv2%2Fcategories&post=86074"},{"taxonomy":"post_tag","embeddable":true,"href":"https:\/\/diarioregionaldigital.com.br\/index.php?rest_route=%2Fwp%2Fv2%2Ftags&post=86074"}],"curies":[{"name":"wp","href":"https:\/\/api.w.org\/{rel}","templated":true}]}}