{"id":86070,"date":"2017-11-25T00:14:46","date_gmt":"2017-11-25T02:14:46","guid":{"rendered":"http:\/\/diarioregionaljf.com.br\/2017\/11\/25\/professora-de-artes-da-ufjf-realiza-ultima-palestra-do-jf-foto-17\/"},"modified":"2017-11-25T00:14:46","modified_gmt":"2017-11-25T02:14:46","slug":"professora-de-artes-da-ufjf-realiza-ultima-palestra-do-jf-foto-17","status":"publish","type":"post","link":"https:\/\/diarioregionaldigital.com.br\/?p=86070","title":{"rendered":"Professora de artes da UFJF realiza \u00faltima palestra do \u201cJF Foto 17\u201d"},"content":{"rendered":"<p>A exposi\u00e7\u00e3o \u201cFundo do Fora\u201d, contemplada em 2016 no \u201c5\u00ba Pr\u00eamio Funalfa de Fotografia\u201d, e que integrou o \u201cJF Foto 16\u201d, ser\u00e1 o foco da palestra \u201cFundo do Fora: Deslocamento, Imagem e Cotidiano\u201d, de Let\u00edcia Bertagna, artista e professora de artes da Universidade Federal de Juiz de Fora (UFJF).<\/p>\n<p>O evento ser\u00e1 na segunda-feira, 27, \u00e0s 15 horas, no Anfiteatro \u201cJo\u00e3o Carri\u00e7o\u201d, na sede da Funda\u00e7\u00e3o Cultural \u201cAlfredo Ferreira Lage\u201d (Funalfa &#8211; Avenida Bar\u00e3o do Rio Branco, 2.234, Centro).<\/p>\n<p>Na palestra ser\u00e1 apresentada a trajet\u00f3ria art\u00edstica da fot\u00f3grafa. Participar\u00e3o, como convidados, Rosane Preciosa, professora de artes da UFJF, e Gilton Monteiro Jr, cr\u00edtico de artes, que comentar\u00e3o os trabalhos art\u00edsticos de Let\u00edcia.<\/p>\n<p>As fotos retratam elementos pertencentes ao cotidiano de pessoas e suas fun\u00e7\u00f5es, buscando ampliar os sentidos do \u00f3bvio e oferecer outras leituras para diversos objetos do cotidiano.<\/p>\n<p>O pr\u00eamio e o \u201cJF Foto\u201d s\u00e3o promovidos pela Prefeitura de Juiz de Fora (PJF), por meio da Funalfa.<\/p>\n<hr \/>\n<p>&nbsp;Fonte: Assessoria<\/p>\n","protected":false},"excerpt":{"rendered":"<p>A exposi\u00e7\u00e3o \u201cFundo do Fora\u201d, contemplada em 2016 no \u201c5\u00ba Pr\u00eamio Funalfa de Fotografia\u201d, e que integrou o \u201cJF Foto 16\u201d, ser\u00e1 o foco da palestra \u201cFundo do Fora: Deslocamento, Imagem e Cotidiano\u201d, de Let\u00edcia Bertagna, artista e professora de artes da Universidade Federal de Juiz de Fora (UFJF). O evento ser\u00e1 na segunda-feira, 27, [&hellip;]<\/p>\n","protected":false},"author":96,"featured_media":86069,"comment_status":"closed","ping_status":"closed","sticky":false,"template":"","format":"standard","meta":{"footnotes":""},"categories":[256],"tags":[],"class_list":["post-86070","post","type-post","status-publish","format-standard","has-post-thumbnail","hentry","category-cultura"],"_links":{"self":[{"href":"https:\/\/diarioregionaldigital.com.br\/index.php?rest_route=\/wp\/v2\/posts\/86070","targetHints":{"allow":["GET"]}}],"collection":[{"href":"https:\/\/diarioregionaldigital.com.br\/index.php?rest_route=\/wp\/v2\/posts"}],"about":[{"href":"https:\/\/diarioregionaldigital.com.br\/index.php?rest_route=\/wp\/v2\/types\/post"}],"author":[{"embeddable":true,"href":"https:\/\/diarioregionaldigital.com.br\/index.php?rest_route=\/wp\/v2\/users\/96"}],"replies":[{"embeddable":true,"href":"https:\/\/diarioregionaldigital.com.br\/index.php?rest_route=%2Fwp%2Fv2%2Fcomments&post=86070"}],"version-history":[{"count":0,"href":"https:\/\/diarioregionaldigital.com.br\/index.php?rest_route=\/wp\/v2\/posts\/86070\/revisions"}],"wp:featuredmedia":[{"embeddable":true,"href":"https:\/\/diarioregionaldigital.com.br\/index.php?rest_route=\/wp\/v2\/media\/86069"}],"wp:attachment":[{"href":"https:\/\/diarioregionaldigital.com.br\/index.php?rest_route=%2Fwp%2Fv2%2Fmedia&parent=86070"}],"wp:term":[{"taxonomy":"category","embeddable":true,"href":"https:\/\/diarioregionaldigital.com.br\/index.php?rest_route=%2Fwp%2Fv2%2Fcategories&post=86070"},{"taxonomy":"post_tag","embeddable":true,"href":"https:\/\/diarioregionaldigital.com.br\/index.php?rest_route=%2Fwp%2Fv2%2Ftags&post=86070"}],"curies":[{"name":"wp","href":"https:\/\/api.w.org\/{rel}","templated":true}]}}