{"id":86066,"date":"2017-11-25T00:11:29","date_gmt":"2017-11-25T02:11:29","guid":{"rendered":"http:\/\/diarioregionaljf.com.br\/2017\/11\/25\/montagem-de-vasos-de-flores-e-tema-do-projeto-mestre-por-um-dia-no-cci\/"},"modified":"2017-11-25T00:11:29","modified_gmt":"2017-11-25T02:11:29","slug":"montagem-de-vasos-de-flores-e-tema-do-projeto-mestre-por-um-dia-no-cci","status":"publish","type":"post","link":"https:\/\/diarioregionaldigital.com.br\/?p=86066","title":{"rendered":"Montagem de vasos de flores \u00e9 tema do projeto \u201cMestre por um dia\u201d no CCI\u2028"},"content":{"rendered":"<p>Os integrantes do Centro de Conviv\u00eancia da Pessoa Idosa (CCI), equipamento da Secretaria de Desenvolvimento Social (SDS) da Prefeitura de Juiz de Fora (PJF), participaram nesta sexta-feira, 24, da \u201cOficina de Montagem de Vasos de Flores\u201d. A iniciativa faz parte do projeto \u201cMestre por um dia\u201d, que toda \u00faltima sexta-feira de cada m\u00eas convida um usu\u00e1rio que mais se destaca nas habilidades com artesanato, para ministrar oficinas.<\/p>\n<p>Os encontros foram realizados \u00e0s 8 e \u00e0s 14 horas, na sala de artesanato do CCI. Novembro teve como mestre de oficina o usu\u00e1rio Mimuran Takeshi, que demonstrou t\u00e9cnicas para confec\u00e7\u00e3o de \u201cikebana\u201d (arte japonesa em arranjo de flores). Ele lembrou que aprendeu a arte quando ainda crian\u00e7a, no Jap\u00e3o: &#8220;N\u00e3o \u00e9 f\u00e1cil. Demora muito tempo. Por volta de tr\u00eas anos. Hoje ensinei a fazer a base do arranjo, que \u00e9 feita com flores e galhos&#8221;.<\/p>\n<p>A aposentada Maria da Concei\u00e7\u00e3o Rocha foi uma das participantes. Ela relatou que n\u00e3o perde as oficinas do projeto: &#8220;Participo de todas. Acho muito interessante. Quero usar todo o aprendizado para produzir os pr\u00f3prios enfeites da minha casa. Aprendo tudo aqui no CCI e continuo minha produ\u00e7\u00e3o no meu lar&#8221;.<\/p>\n<p>A a\u00e7\u00e3o tem como objetivo potencializar o envelhecimento ativo e saud\u00e1vel da pessoa idosa e estimular a\u00e7\u00f5es que reforcem a vis\u00e3o de cidad\u00e3o e protagonista, valorizando sua experi\u00eancia de vida e estimulando a autoestima, al\u00e9m de proporcionar a troca de saberes.<\/p>\n<hr \/>\n<p>&nbsp;Fonte: Assessoria<\/p>\n","protected":false},"excerpt":{"rendered":"<p>Os integrantes do Centro de Conviv\u00eancia da Pessoa Idosa (CCI), equipamento da Secretaria de Desenvolvimento Social (SDS) da Prefeitura de Juiz de Fora (PJF), participaram nesta sexta-feira, 24, da \u201cOficina de Montagem de Vasos de Flores\u201d. A iniciativa faz parte do projeto \u201cMestre por um dia\u201d, que toda \u00faltima sexta-feira de cada m\u00eas convida um [&hellip;]<\/p>\n","protected":false},"author":96,"featured_media":86065,"comment_status":"closed","ping_status":"closed","sticky":false,"template":"","format":"standard","meta":{"footnotes":""},"categories":[256],"tags":[],"class_list":["post-86066","post","type-post","status-publish","format-standard","has-post-thumbnail","hentry","category-cultura"],"_links":{"self":[{"href":"https:\/\/diarioregionaldigital.com.br\/index.php?rest_route=\/wp\/v2\/posts\/86066","targetHints":{"allow":["GET"]}}],"collection":[{"href":"https:\/\/diarioregionaldigital.com.br\/index.php?rest_route=\/wp\/v2\/posts"}],"about":[{"href":"https:\/\/diarioregionaldigital.com.br\/index.php?rest_route=\/wp\/v2\/types\/post"}],"author":[{"embeddable":true,"href":"https:\/\/diarioregionaldigital.com.br\/index.php?rest_route=\/wp\/v2\/users\/96"}],"replies":[{"embeddable":true,"href":"https:\/\/diarioregionaldigital.com.br\/index.php?rest_route=%2Fwp%2Fv2%2Fcomments&post=86066"}],"version-history":[{"count":0,"href":"https:\/\/diarioregionaldigital.com.br\/index.php?rest_route=\/wp\/v2\/posts\/86066\/revisions"}],"wp:featuredmedia":[{"embeddable":true,"href":"https:\/\/diarioregionaldigital.com.br\/index.php?rest_route=\/wp\/v2\/media\/86065"}],"wp:attachment":[{"href":"https:\/\/diarioregionaldigital.com.br\/index.php?rest_route=%2Fwp%2Fv2%2Fmedia&parent=86066"}],"wp:term":[{"taxonomy":"category","embeddable":true,"href":"https:\/\/diarioregionaldigital.com.br\/index.php?rest_route=%2Fwp%2Fv2%2Fcategories&post=86066"},{"taxonomy":"post_tag","embeddable":true,"href":"https:\/\/diarioregionaldigital.com.br\/index.php?rest_route=%2Fwp%2Fv2%2Ftags&post=86066"}],"curies":[{"name":"wp","href":"https:\/\/api.w.org\/{rel}","templated":true}]}}