{"id":86064,"date":"2017-11-24T23:30:49","date_gmt":"2017-11-25T01:30:49","guid":{"rendered":"http:\/\/diarioregionaljf.com.br\/2017\/11\/24\/black-friday-comeca-com-expectativa-de-aumento-nas-vendas\/"},"modified":"2017-11-24T23:30:49","modified_gmt":"2017-11-25T01:30:49","slug":"black-friday-comeca-com-expectativa-de-aumento-nas-vendas","status":"publish","type":"post","link":"https:\/\/diarioregionaldigital.com.br\/?p=86064","title":{"rendered":"Black Friday come\u00e7a com expectativa de aumento nas vendas"},"content":{"rendered":"<p>Tradicional nos Estados Unidos, o Black Friday chegou ao Brasil h\u00e1 poucos anos, em 2010, mas j\u00e1 se estabeleceu como um dia de for\u00e7a para o com\u00e9rcio nacional. Com descontos que podem chegar at\u00e9 80%, a data ocorre neste ano sob forte expectativas de vendas diante de um ambiente econ\u00f4mico melhor, com pre\u00e7os mais baratos e melhores condi\u00e7\u00f5es de cr\u00e9dito ao consumidor ap\u00f3s dois anos de forte retra\u00e7\u00e3o nas compras.<\/p>\n<p>Neste ano, a expectativa \u00e9 que sejam movimentados R$2,19 bilh\u00f5es a partir desta sexta-feira, 24, apenas no com\u00e9rcio on-line, com uma alta de 15% na compara\u00e7\u00e3o com o ano passado, de acordo com dados da empresa de e-commerce Ebit. Apesar de ser focada no com\u00e9rcio digital, por conta do Black Friday, lojas f\u00edsicas e shoppings em todo o Pa\u00eds oferecem hor\u00e1rios diferenciados para funcionamento diante do aumento da demanda durante o per\u00edodo.<\/p>\n<p>Essas expectativas s\u00e3o evidenciadas tamb\u00e9m pela inten\u00e7\u00e3o do consumidor de gastar no per\u00edodo. Neste ano, marcado pela queda de infla\u00e7\u00e3o e dos juros, 68% dos consumidores pretendem fazer compras durante o Black Friday, contra 61% registrados no ano passado, de acordo com levantamento da Google Brasil.<\/p>\n<p>A prefer\u00eancia por comprar pela Internet ou aplicativo \u00e9 predominante. 80% dos consumidores ouvidos pelo levantamento indicaram motiva\u00e7\u00e3o de comprar pelo com\u00e9rcio digital, sendo que apenas 11% dos consumidores disseram ter se informado acerca de descontos a partir do boca a boca ou de outras formas de propaganda.<\/p>\n<p><strong>Tend\u00eancia digital<\/strong><\/p>\n<p>A tend\u00eancia por comprar on-line \u00e9 explicada na pr\u00f3pria hist\u00f3ria da data comemorativa. Comemorada um dia ap\u00f3s o dia de A\u00e7\u00e3o de Gra\u00e7as, nos Estados Unidos, desde os anos 1960, o Black Friday foi marcado por grandes filas, congestionamento e confus\u00e3o nas ruas norte-americanas por quem queria, principalmente, antecipar as compras de Natal.<\/p>\n<p>A alcunha \u201cBlack Friday\u201d (Dia negro, na tradu\u00e7\u00e3o literal) veio a partir disso: policiais da Filad\u00e9lfia marcaram a data como s\u00edmbolo da correria e disputa por pre\u00e7os menores. No entanto, a origem mais aceita do termo vem dos velhos cadernos de contabilidade: nessa data, as vendas passavam do \u201cvermelho\u201d (preju\u00edzo) para o \u201cpreto\u201d (lucro).<\/p>\n<p>Com o desenvolvimento das tecnologias, a prefer\u00eancia do consumidor foi mudando e, atualmente, o Black Friday \u00e9 praticamente um evento de e-commerce, pelo conforto e o fato de as empresas de varejo on-line anteciparem descontos e cupons com ofertas melhores.<\/p>\n<hr \/>\n<p>&nbsp;Fonte: Portal Brasil<\/p>\n","protected":false},"excerpt":{"rendered":"<p>Tradicional nos Estados Unidos, o Black Friday chegou ao Brasil h\u00e1 poucos anos, em 2010, mas j\u00e1 se estabeleceu como um dia de for\u00e7a para o com\u00e9rcio nacional. Com descontos que podem chegar at\u00e9 80%, a data ocorre neste ano sob forte expectativas de vendas diante de um ambiente econ\u00f4mico melhor, com pre\u00e7os mais baratos [&hellip;]<\/p>\n","protected":false},"author":96,"featured_media":86063,"comment_status":"closed","ping_status":"closed","sticky":false,"template":"","format":"standard","meta":{"footnotes":""},"categories":[261],"tags":[],"class_list":["post-86064","post","type-post","status-publish","format-standard","has-post-thumbnail","hentry","category-economia"],"_links":{"self":[{"href":"https:\/\/diarioregionaldigital.com.br\/index.php?rest_route=\/wp\/v2\/posts\/86064","targetHints":{"allow":["GET"]}}],"collection":[{"href":"https:\/\/diarioregionaldigital.com.br\/index.php?rest_route=\/wp\/v2\/posts"}],"about":[{"href":"https:\/\/diarioregionaldigital.com.br\/index.php?rest_route=\/wp\/v2\/types\/post"}],"author":[{"embeddable":true,"href":"https:\/\/diarioregionaldigital.com.br\/index.php?rest_route=\/wp\/v2\/users\/96"}],"replies":[{"embeddable":true,"href":"https:\/\/diarioregionaldigital.com.br\/index.php?rest_route=%2Fwp%2Fv2%2Fcomments&post=86064"}],"version-history":[{"count":0,"href":"https:\/\/diarioregionaldigital.com.br\/index.php?rest_route=\/wp\/v2\/posts\/86064\/revisions"}],"wp:featuredmedia":[{"embeddable":true,"href":"https:\/\/diarioregionaldigital.com.br\/index.php?rest_route=\/wp\/v2\/media\/86063"}],"wp:attachment":[{"href":"https:\/\/diarioregionaldigital.com.br\/index.php?rest_route=%2Fwp%2Fv2%2Fmedia&parent=86064"}],"wp:term":[{"taxonomy":"category","embeddable":true,"href":"https:\/\/diarioregionaldigital.com.br\/index.php?rest_route=%2Fwp%2Fv2%2Fcategories&post=86064"},{"taxonomy":"post_tag","embeddable":true,"href":"https:\/\/diarioregionaldigital.com.br\/index.php?rest_route=%2Fwp%2Fv2%2Ftags&post=86064"}],"curies":[{"name":"wp","href":"https:\/\/api.w.org\/{rel}","templated":true}]}}