{"id":86060,"date":"2017-11-24T23:18:02","date_gmt":"2017-11-25T01:18:02","guid":{"rendered":"http:\/\/diarioregionaljf.com.br\/2017\/11\/24\/manutencao-revolucionaria-da-scania-com-planos-flexiveis-ganha-premio\/"},"modified":"2017-11-24T23:18:02","modified_gmt":"2017-11-25T01:18:02","slug":"manutencao-revolucionaria-da-scania-com-planos-flexiveis-ganha-premio","status":"publish","type":"post","link":"https:\/\/diarioregionaldigital.com.br\/?p=86060","title":{"rendered":"Manuten\u00e7\u00e3o revolucion\u00e1ria da Scania com Planos Flex\u00edveis ganha pr\u00eamio"},"content":{"rendered":"<p>No ano em que completa 60 anos de Brasil, a Scania conquistou mais um pr\u00eamio, desta vez do jornal O Estado de S. Paulo. Na manh\u00e3 de hoje, F\u00e1bio Souza, diretor de Servi\u00e7os da Scania no Brasil, recebeu o trof\u00e9u de Melhor Contrato de Manuten\u00e7\u00e3o, vencido pelo programa de Planos Flex\u00edveis, lan\u00e7ado em outubro durante o 21\u00ba Sal\u00e3o Internacional do Transporte (Fenatran), realizado na capital paulista. O evento foi realizado na sede do Grupo Estado, em SP.<\/p>\n<p>O pr\u00eamio confirma a posi\u00e7\u00e3o de destaque da marca Scania em 2017. \u201c\u00c9 uma grande satisfa\u00e7\u00e3o receber este pr\u00eamio do Estad\u00e3o. Lan\u00e7amos o programa h\u00e1 apenas dois meses. O reconhecimento chancela esta revolu\u00e7\u00e3o que estamos fazendo no mercado de servi\u00e7os para ve\u00edculos comerciais\u201d, afirma Souza. \u201cO Programa de Manuten\u00e7\u00e3o Scania com Planos Flex\u00edveis \u00e9 uma solu\u00e7\u00e3o in\u00e9dita para o setor, que promove um novo jeito de oferecer servi\u00e7os. Novamente, estamos um passo \u00e0 frente dos concorrentes proporcionando efici\u00eancia e rentabilidade ao transportador.\u201d<\/p>\n<p>O Programa de Manuten\u00e7\u00e3o Scania com Planos Flex\u00edveis \u00e9 uma modalidade em que, por meio da conectividade, o ve\u00edculo informa o momento ideal de parar para a manuten\u00e7\u00e3o. Nesse novo sistema, o pagamento passa a ser mais din\u00e2mico, personalizado e por tempo indeterminado; e feito de acordo com a quilometragem rodada de cada ve\u00edculo e tarifa\u00e7\u00e3o por consumo de combust\u00edvel (ou seja, quanto mais economizar diesel menos o cliente pagar\u00e1). Com os Planos Flex\u00edveis, a Scania consegue unir de forma perfeita sustentabilidade e rentabilidade, e ainda reduzir em at\u00e9 16% o custo de manuten\u00e7\u00e3o de cada unidade.<\/p>\n<p>Devido \u00e0 rela\u00e7\u00e3o de parceria e confian\u00e7a da Scania com os clientes, esse plano deixa conhecido o custo da manuten\u00e7\u00e3o preventiva por toda a vida \u00fatil do ve\u00edculo, tornando a vig\u00eancia ilimitada. Na pr\u00e1tica, o cliente ter\u00e1 a liberdade de permanecer com ele o quanto desejar, sem burocracias.<\/p>\n<hr \/>\n<p>&nbsp;Fonte: Assessoria&nbsp;<\/p>\n","protected":false},"excerpt":{"rendered":"<p>No ano em que completa 60 anos de Brasil, a Scania conquistou mais um pr\u00eamio, desta vez do jornal O Estado de S. Paulo. Na manh\u00e3 de hoje, F\u00e1bio Souza, diretor de Servi\u00e7os da Scania no Brasil, recebeu o trof\u00e9u de Melhor Contrato de Manuten\u00e7\u00e3o, vencido pelo programa de Planos Flex\u00edveis, lan\u00e7ado em outubro durante [&hellip;]<\/p>\n","protected":false},"author":96,"featured_media":86059,"comment_status":"closed","ping_status":"closed","sticky":false,"template":"","format":"standard","meta":{"footnotes":""},"categories":[261],"tags":[],"class_list":["post-86060","post","type-post","status-publish","format-standard","has-post-thumbnail","hentry","category-economia"],"_links":{"self":[{"href":"https:\/\/diarioregionaldigital.com.br\/index.php?rest_route=\/wp\/v2\/posts\/86060","targetHints":{"allow":["GET"]}}],"collection":[{"href":"https:\/\/diarioregionaldigital.com.br\/index.php?rest_route=\/wp\/v2\/posts"}],"about":[{"href":"https:\/\/diarioregionaldigital.com.br\/index.php?rest_route=\/wp\/v2\/types\/post"}],"author":[{"embeddable":true,"href":"https:\/\/diarioregionaldigital.com.br\/index.php?rest_route=\/wp\/v2\/users\/96"}],"replies":[{"embeddable":true,"href":"https:\/\/diarioregionaldigital.com.br\/index.php?rest_route=%2Fwp%2Fv2%2Fcomments&post=86060"}],"version-history":[{"count":0,"href":"https:\/\/diarioregionaldigital.com.br\/index.php?rest_route=\/wp\/v2\/posts\/86060\/revisions"}],"wp:featuredmedia":[{"embeddable":true,"href":"https:\/\/diarioregionaldigital.com.br\/index.php?rest_route=\/wp\/v2\/media\/86059"}],"wp:attachment":[{"href":"https:\/\/diarioregionaldigital.com.br\/index.php?rest_route=%2Fwp%2Fv2%2Fmedia&parent=86060"}],"wp:term":[{"taxonomy":"category","embeddable":true,"href":"https:\/\/diarioregionaldigital.com.br\/index.php?rest_route=%2Fwp%2Fv2%2Fcategories&post=86060"},{"taxonomy":"post_tag","embeddable":true,"href":"https:\/\/diarioregionaldigital.com.br\/index.php?rest_route=%2Fwp%2Fv2%2Ftags&post=86060"}],"curies":[{"name":"wp","href":"https:\/\/api.w.org\/{rel}","templated":true}]}}