{"id":86058,"date":"2017-11-24T23:15:28","date_gmt":"2017-11-25T01:15:28","guid":{"rendered":"http:\/\/diarioregionaljf.com.br\/2017\/11\/24\/brasil-e-mexico-avaliam-ampliacao-do-comercio-bilateral\/"},"modified":"2017-11-24T23:15:28","modified_gmt":"2017-11-25T01:15:28","slug":"brasil-e-mexico-avaliam-ampliacao-do-comercio-bilateral","status":"publish","type":"post","link":"https:\/\/diarioregionaldigital.com.br\/?p=86058","title":{"rendered":"Brasil e M\u00e9xico avaliam amplia\u00e7\u00e3o do com\u00e9rcio bilateral"},"content":{"rendered":"<p>O ministro das Rela\u00e7\u00f5es Exteriores, Aloysio Nunes, analisou em reuni\u00e3o com o secret\u00e1rio de Rela\u00e7\u00f5es Exteriores do M\u00e9xico, Luis Videgaray, as negocia\u00e7\u00f5es comerciais entre os dois pa\u00edses. Um dos principais itens da pauta \u00e9 aprofundar o Acordo de Complementa\u00e7\u00e3o Econ\u00f4mica n\u00ba 53, que regula grande parte do com\u00e9rcio entre o Brasil e o M\u00e9xico.<\/p>\n<p>O objetivo dos dois lados \u00e9 liberalizar ainda mais as trocas entre os dois pa\u00edses, colaborando para o crescimento econ\u00f4mico e a cria\u00e7\u00e3o de mais e melhores empregos para mexicanos e brasileiros.<\/p>\n<p>Tamb\u00e9m estar\u00e1 na pauta do encontro o processo de aproxima\u00e7\u00e3o entre o Mercosul e a Alian\u00e7a do Pac\u00edfico, integrada pelo M\u00e9xico, Chile, a Col\u00f4mbia e o Peru. Os dois blocos buscam fortalecer o di\u00e1logo e facilitar os fluxos de com\u00e9rcio e investimentos.<\/p>\n<p>Os dois chanceleres tratar\u00e3o ainda de possibilidades de incorpora\u00e7\u00e3o dos Objetivos de Desenvolvimento Sustent\u00e1vel (ODS) da Agenda 2030 \u00e0s estrat\u00e9gias de coopera\u00e7\u00e3o t\u00e9cnica entre o Brasil e o M\u00e9xico e com terceiros pa\u00edses.<\/p>\n<p>O interc\u00e2mbio bilateral totalizou US$7,34 bilh\u00f5es em 2016, quando o M\u00e9xico foi o oitavo parceiro comercial do Brasil. Os produtos industrializados representaram 94% do interc\u00e2mbio comercial.<\/p>\n<p>O Brasil \u00e9 um dos maiores investidores latino-americanos no M\u00e9xico e o principal destino dos investimentos produtivos do M\u00e9xico na Am\u00e9rica Latina.<\/p>\n<hr \/>\n<p>&nbsp;Fonte: Ag\u00eancia Brasil<\/p>\n","protected":false},"excerpt":{"rendered":"<p>O ministro das Rela\u00e7\u00f5es Exteriores, Aloysio Nunes, analisou em reuni\u00e3o com o secret\u00e1rio de Rela\u00e7\u00f5es Exteriores do M\u00e9xico, Luis Videgaray, as negocia\u00e7\u00f5es comerciais entre os dois pa\u00edses. Um dos principais itens da pauta \u00e9 aprofundar o Acordo de Complementa\u00e7\u00e3o Econ\u00f4mica n\u00ba 53, que regula grande parte do com\u00e9rcio entre o Brasil e o M\u00e9xico. O [&hellip;]<\/p>\n","protected":false},"author":96,"featured_media":86057,"comment_status":"closed","ping_status":"closed","sticky":false,"template":"","format":"standard","meta":{"footnotes":""},"categories":[261],"tags":[],"class_list":["post-86058","post","type-post","status-publish","format-standard","has-post-thumbnail","hentry","category-economia"],"_links":{"self":[{"href":"https:\/\/diarioregionaldigital.com.br\/index.php?rest_route=\/wp\/v2\/posts\/86058","targetHints":{"allow":["GET"]}}],"collection":[{"href":"https:\/\/diarioregionaldigital.com.br\/index.php?rest_route=\/wp\/v2\/posts"}],"about":[{"href":"https:\/\/diarioregionaldigital.com.br\/index.php?rest_route=\/wp\/v2\/types\/post"}],"author":[{"embeddable":true,"href":"https:\/\/diarioregionaldigital.com.br\/index.php?rest_route=\/wp\/v2\/users\/96"}],"replies":[{"embeddable":true,"href":"https:\/\/diarioregionaldigital.com.br\/index.php?rest_route=%2Fwp%2Fv2%2Fcomments&post=86058"}],"version-history":[{"count":0,"href":"https:\/\/diarioregionaldigital.com.br\/index.php?rest_route=\/wp\/v2\/posts\/86058\/revisions"}],"wp:featuredmedia":[{"embeddable":true,"href":"https:\/\/diarioregionaldigital.com.br\/index.php?rest_route=\/wp\/v2\/media\/86057"}],"wp:attachment":[{"href":"https:\/\/diarioregionaldigital.com.br\/index.php?rest_route=%2Fwp%2Fv2%2Fmedia&parent=86058"}],"wp:term":[{"taxonomy":"category","embeddable":true,"href":"https:\/\/diarioregionaldigital.com.br\/index.php?rest_route=%2Fwp%2Fv2%2Fcategories&post=86058"},{"taxonomy":"post_tag","embeddable":true,"href":"https:\/\/diarioregionaldigital.com.br\/index.php?rest_route=%2Fwp%2Fv2%2Ftags&post=86058"}],"curies":[{"name":"wp","href":"https:\/\/api.w.org\/{rel}","templated":true}]}}