{"id":86054,"date":"2017-11-24T23:11:10","date_gmt":"2017-11-25T01:11:10","guid":{"rendered":"http:\/\/diarioregionaljf.com.br\/2017\/11\/24\/previa-da-confianca-da-industria-indica-alta-de-2-7-pontos\/"},"modified":"2017-11-24T23:11:10","modified_gmt":"2017-11-25T01:11:10","slug":"previa-da-confianca-da-industria-indica-alta-de-2-7-pontos","status":"publish","type":"post","link":"https:\/\/diarioregionaldigital.com.br\/?p=86054","title":{"rendered":"Pr\u00e9via da confian\u00e7a da ind\u00fastria indica alta de 2,7 pontos"},"content":{"rendered":"<p>A pr\u00e9via da Sondagem da Ind\u00fastria relativa a novembro deste ano sinaliza uma alta de 2,7 pontos para o \u00cdndice de Confian\u00e7a da Ind\u00fastria (ICI) no fechamento de novembro, em compara\u00e7\u00e3o com outubro.<\/p>\n<p>Se confirmada a previs\u00e3o, seria a quinta alta consecutiva e o \u00edndice avan\u00e7aria para 98,1 pontos, o maior resultado desde fevereiro de 2014, quando o \u00edndice fechou em 98,3 pontos.<\/p>\n<p>Os dados da pr\u00e9via da Sondagem da Ind\u00fastria de Transforma\u00e7\u00e3o foram, divulgados hoje (24), pelo Instituto Brasileiro de Economia da Funda\u00e7\u00e3o Getulio Vargas (Ibre\/FGV). Se confirmada, a alta refletiria \u201ca melhora tanto das perspectivas com o futuro pr\u00f3ximo quanto das avalia\u00e7\u00f5es sobre o momento presente\u201d.<\/p>\n<p>Segundo as informa\u00e7\u00f5es divulgadas, o \u00cdndice de Expectativas (IE) subiria 3,8 pontos, para 99 pontos, enquanto o \u00cdndice da Situa\u00e7\u00e3o Atual (ISA) subiria 1,7 ponto, para 97,2 pontos.&nbsp;J\u00e1 o N\u00edvel de Utiliza\u00e7\u00e3o da Capacidade Instalada da Ind\u00fastria (Nuci), de acordo com o resultado preliminar de novembro, fecharia em queda de 0,5 ponto percentual, ficando em 73,8 pontos. No fechamento de outubro, o \u00edndice registrou alta de 0,4 ponto percentual.<\/p>\n<p>Para a pr\u00e9via de novembro os t\u00e9cnicos da FGV consultaram 785 empresas entre os dias 1\u00ba e 21 deste m\u00eas. O resultado final da pesquisa ser\u00e1 divulgado na pr\u00f3xima quinta-feira, dia 30.<\/p>\n<hr \/>\n<p>&nbsp;Fonte: Ag\u00eancia Brasil<\/p>\n<p>&nbsp;<\/p>\n","protected":false},"excerpt":{"rendered":"<p>A pr\u00e9via da Sondagem da Ind\u00fastria relativa a novembro deste ano sinaliza uma alta de 2,7 pontos para o \u00cdndice de Confian\u00e7a da Ind\u00fastria (ICI) no fechamento de novembro, em compara\u00e7\u00e3o com outubro. Se confirmada a previs\u00e3o, seria a quinta alta consecutiva e o \u00edndice avan\u00e7aria para 98,1 pontos, o maior resultado desde fevereiro de [&hellip;]<\/p>\n","protected":false},"author":96,"featured_media":86053,"comment_status":"closed","ping_status":"closed","sticky":false,"template":"","format":"standard","meta":{"footnotes":""},"categories":[261],"tags":[],"class_list":["post-86054","post","type-post","status-publish","format-standard","has-post-thumbnail","hentry","category-economia"],"_links":{"self":[{"href":"https:\/\/diarioregionaldigital.com.br\/index.php?rest_route=\/wp\/v2\/posts\/86054","targetHints":{"allow":["GET"]}}],"collection":[{"href":"https:\/\/diarioregionaldigital.com.br\/index.php?rest_route=\/wp\/v2\/posts"}],"about":[{"href":"https:\/\/diarioregionaldigital.com.br\/index.php?rest_route=\/wp\/v2\/types\/post"}],"author":[{"embeddable":true,"href":"https:\/\/diarioregionaldigital.com.br\/index.php?rest_route=\/wp\/v2\/users\/96"}],"replies":[{"embeddable":true,"href":"https:\/\/diarioregionaldigital.com.br\/index.php?rest_route=%2Fwp%2Fv2%2Fcomments&post=86054"}],"version-history":[{"count":0,"href":"https:\/\/diarioregionaldigital.com.br\/index.php?rest_route=\/wp\/v2\/posts\/86054\/revisions"}],"wp:featuredmedia":[{"embeddable":true,"href":"https:\/\/diarioregionaldigital.com.br\/index.php?rest_route=\/wp\/v2\/media\/86053"}],"wp:attachment":[{"href":"https:\/\/diarioregionaldigital.com.br\/index.php?rest_route=%2Fwp%2Fv2%2Fmedia&parent=86054"}],"wp:term":[{"taxonomy":"category","embeddable":true,"href":"https:\/\/diarioregionaldigital.com.br\/index.php?rest_route=%2Fwp%2Fv2%2Fcategories&post=86054"},{"taxonomy":"post_tag","embeddable":true,"href":"https:\/\/diarioregionaldigital.com.br\/index.php?rest_route=%2Fwp%2Fv2%2Ftags&post=86054"}],"curies":[{"name":"wp","href":"https:\/\/api.w.org\/{rel}","templated":true}]}}