{"id":86052,"date":"2017-11-24T23:04:06","date_gmt":"2017-11-25T01:04:06","guid":{"rendered":"http:\/\/diarioregionaljf.com.br\/2017\/11\/24\/danielly-vitoria-fecha-2017-com-chave-de-ouro-e-e-campea-da-copa-do-brasil-de-taekwondo\/"},"modified":"2017-11-24T23:04:06","modified_gmt":"2017-11-25T01:04:06","slug":"danielly-vitoria-fecha-2017-com-chave-de-ouro-e-e-campea-da-copa-do-brasil-de-taekwondo","status":"publish","type":"post","link":"https:\/\/diarioregionaldigital.com.br\/?p=86052","title":{"rendered":"Danielly Vit\u00f3ria fecha 2017 com \u201cchave de ouro\u201d e \u00e9 Campe\u00e3 da Copa do Brasil de Taekwondo"},"content":{"rendered":"<p>A atleta de Taekwondo, Danielly Vit\u00f3ria, de 14 anos, participou da Copa do Brasil na categoria cadete, (at\u00e9 44kg), na tarde dessa sexta-feira, 24, em Bras\u00edlia e conquistou o lugar mais alto do p\u00f3dio.<\/p>\n<p>Tricampe\u00e3 mineira (2015 a 2017), bicampe\u00e3 brasileira (2016 e 2017), l\u00edder do ranking nacional na categoria durante os dois \u00faltimos anos e s\u00e9tima colocada em Mundial realizado no Egito, em agosto deste ano e agora para fechar seu ano de competi\u00e7\u00e3o se sagrou campe\u00e3 da Copa do Brasil.<\/p>\n<p>Essa competi\u00e7\u00e3o teve um significado especial para Danielly que fez sua \u00faltima competi\u00e7\u00e3o como categoria cadete e passa agora para a categoria juvenil, j\u00e1 visando o Grand Slam (seletiva da Sele\u00e7\u00e3o Brasileira), que acontece em fevereiro de 2018, no Rio de Janeiro, quando come\u00e7o a competir na faixa juvenil. <\/p>\n<p>\u201cMiss\u00e3o cumprida! Campe\u00e3 da Copa do Brasil 2017 e fechando a categoria cadete com chave de ouro! Gostaria de agradecer primeiramente a Deus e aos meus pais por batalharem muito para realizar os meus sonhos, ao meu treinador Alan Oliveira e a minha equipe A.S.A.S Taekwondo, aos que torceram e n\u00e3o torceram por mim, aos meus patrocinadores, apoiadores e amigos do esporte! Obrigada por incentivarem o esporte, pois sem voc\u00eas essa conquista n\u00e3o seria poss\u00edvel,\u201d disse a campe\u00e3.<\/p>\n<p><img loading=\"lazy\" decoding=\"async\" class=\" size-full wp-image-86051\" src=\"http:\/\/diarioregionaljf.com.br\/wp-content\/uploads\/2017\/11\/diario-int-21578-1.jpg\" alt=\"DaniellyVit\u00f3ria taekwondo campe\u00e3brasileira2\" title=\"Danielly Vit\u00f3ria fecha o ano com mais um ouro.      FOTO: Divulga\u00e7\u00e3o\" width=\"680\" height=\"450\" srcset=\"https:\/\/diarioregionaldigital.com.br\/wp-content\/uploads\/2017\/11\/diario-int-21578-1.jpg 680w, https:\/\/diarioregionaldigital.com.br\/wp-content\/uploads\/2017\/11\/diario-int-21578-1-300x199.jpg 300w, https:\/\/diarioregionaldigital.com.br\/wp-content\/uploads\/2017\/11\/diario-int-21578-1-360x238.jpg 360w\" sizes=\"auto, (max-width: 680px) 100vw, 680px\" \/><\/p>\n","protected":false},"excerpt":{"rendered":"<p>A atleta de Taekwondo, Danielly Vit\u00f3ria, de 14 anos, participou da Copa do Brasil na categoria cadete, (at\u00e9 44kg), na tarde dessa sexta-feira, 24, em Bras\u00edlia e conquistou o lugar mais alto do p\u00f3dio. Tricampe\u00e3 mineira (2015 a 2017), bicampe\u00e3 brasileira (2016 e 2017), l\u00edder do ranking nacional na categoria durante os dois \u00faltimos anos [&hellip;]<\/p>\n","protected":false},"author":96,"featured_media":86050,"comment_status":"closed","ping_status":"closed","sticky":false,"template":"","format":"standard","meta":{"footnotes":""},"categories":[257],"tags":[],"class_list":["post-86052","post","type-post","status-publish","format-standard","has-post-thumbnail","hentry","category-esporte"],"_links":{"self":[{"href":"https:\/\/diarioregionaldigital.com.br\/index.php?rest_route=\/wp\/v2\/posts\/86052","targetHints":{"allow":["GET"]}}],"collection":[{"href":"https:\/\/diarioregionaldigital.com.br\/index.php?rest_route=\/wp\/v2\/posts"}],"about":[{"href":"https:\/\/diarioregionaldigital.com.br\/index.php?rest_route=\/wp\/v2\/types\/post"}],"author":[{"embeddable":true,"href":"https:\/\/diarioregionaldigital.com.br\/index.php?rest_route=\/wp\/v2\/users\/96"}],"replies":[{"embeddable":true,"href":"https:\/\/diarioregionaldigital.com.br\/index.php?rest_route=%2Fwp%2Fv2%2Fcomments&post=86052"}],"version-history":[{"count":0,"href":"https:\/\/diarioregionaldigital.com.br\/index.php?rest_route=\/wp\/v2\/posts\/86052\/revisions"}],"wp:featuredmedia":[{"embeddable":true,"href":"https:\/\/diarioregionaldigital.com.br\/index.php?rest_route=\/wp\/v2\/media\/86050"}],"wp:attachment":[{"href":"https:\/\/diarioregionaldigital.com.br\/index.php?rest_route=%2Fwp%2Fv2%2Fmedia&parent=86052"}],"wp:term":[{"taxonomy":"category","embeddable":true,"href":"https:\/\/diarioregionaldigital.com.br\/index.php?rest_route=%2Fwp%2Fv2%2Fcategories&post=86052"},{"taxonomy":"post_tag","embeddable":true,"href":"https:\/\/diarioregionaldigital.com.br\/index.php?rest_route=%2Fwp%2Fv2%2Ftags&post=86052"}],"curies":[{"name":"wp","href":"https:\/\/api.w.org\/{rel}","templated":true}]}}