{"id":86044,"date":"2017-11-24T23:00:25","date_gmt":"2017-11-25T01:00:25","guid":{"rendered":"http:\/\/diarioregionaljf.com.br\/2017\/11\/24\/somente-12-8-dos-estudantes-do-ensino-superior-no-brasil-sao-negros\/"},"modified":"2017-11-24T23:00:25","modified_gmt":"2017-11-25T01:00:25","slug":"somente-12-8-dos-estudantes-do-ensino-superior-no-brasil-sao-negros","status":"publish","type":"post","link":"https:\/\/diarioregionaldigital.com.br\/?p=86044","title":{"rendered":"Somente 12,8% dos estudantes do ensino superior no Brasil s\u00e3o negros"},"content":{"rendered":"<p>Ao longo dos \u00faltimos anos, a quantidade de alunos pretos e pardos e de baixa renda nas faculdades federais brasileiras cresceu &#8211; dados do Instituto Brasileiro de Geografia e Estat\u00edstica (IBGE) apontam que o n\u00famero mais que dobrou em 10 anos, saltando de 5,5% em 2005 para 12,8% em 2015, na faixa et\u00e1ria de 18 aos 24 anos &#8211; mas o acesso desses jovens ao ensino superior ainda est\u00e1 longe de ser o ideal.<\/p>\n<p>Apesar dos avan\u00e7os, influenciados, principalmente, pelas pol\u00edticas afirmativas implementadas pelo governo federal &#8211; como as cotas sociais-, na avalia\u00e7\u00e3o do diretor de A\u00e7\u00f5es Afirmativas da Universidade Federal de Juiz de Fora (UFJF), Julvan Moreira de Oliveira, os n\u00fameros s\u00e3o preocupantes.<\/p>\n<p>\u201cCerca de 51% da popula\u00e7\u00e3o brasileira \u00e9 composta por pretos e pardos, e n\u00e3o estamos sendo representados nos espa\u00e7os da sociedade e, especificamente, na universidade, apenas uma parcela dos estudantes s\u00e3o negros, o que indica que devemos caminhar muito ainda. Na minha vis\u00e3o, dever\u00edamos ter, no m\u00ednimo, 50% de alunos negros para refletir a quantidade da ra\u00e7a no pa\u00eds\u201d, afirma.<\/p>\n<p>Oliveira defende que a cria\u00e7\u00e3o das cotas foi essencial para esse desenvolvimento, entretanto, existe a necessidade de pol\u00edticas que incentivem a permanencia dos estudantes nas institui\u00e7\u00f5es. \u201cAntes da cota, conviv\u00edamos com cen\u00e1rio de quase aus\u00eancia dos estudantes negros nas universidades brasileiras. Por\u00e9m, \u00e9 preciso intensificar pol\u00edticas afirmativas para a perman\u00eancia dos estudantes que entram nas faculdades. Entrar \u00e9 uma coisa, o dif\u00edcil \u00e9 continuar. Mesmo que o curso seja gratuito, os estudantes precisam de livros, passagem, alimenta\u00e7\u00e3o e moradia, e isso precisa ser ampliado\u201d, disse.<\/p>\n<p>Ele tamb\u00e9m argumenta que o investimento precisa ser feito na educa\u00e7\u00e3o b\u00e1sica. \u201c\u00c9 primordial o in\u00edcio de um trabalho preparat\u00f3rio para os estudantes do ensino m\u00e9dio, para que eles possam prestam o Exame Nacional do Ensino M\u00e9dio (Enem) e outros processos seletivos que possibilitem sua entrada na universidade\u201d, acrescenta Oliveira.<\/p>\n<p>Saulo Machado, estudante negro e cotista da UFJF desde 2014, afirma que o sistema de cotas deveria ser revisto. \u201cN\u00e3o vejo muitos alunos negros na universidade. Por isso, acredito que as costas devem ser reavaliadas. Tenho amigos brancos, que possuem boa renda e entraram da mesma forma que eu. O sistema \u00e9 valido, vem como reconhecimento ao esfor\u00e7o do povo negro no pa\u00eds, e evidencia que somos menos favorecidos. Por\u00e9m, precisa ser reformulado para que possamos elevar o pa\u00eds \u00e0 igualdade\u201d, comenta.<\/p>\n","protected":false},"excerpt":{"rendered":"<p>Ao longo dos \u00faltimos anos, a quantidade de alunos pretos e pardos e de baixa renda nas faculdades federais brasileiras cresceu &#8211; dados do Instituto Brasileiro de Geografia e Estat\u00edstica (IBGE) apontam que o n\u00famero mais que dobrou em 10 anos, saltando de 5,5% em 2005 para 12,8% em 2015, na faixa et\u00e1ria de 18 [&hellip;]<\/p>\n","protected":false},"author":96,"featured_media":86043,"comment_status":"closed","ping_status":"closed","sticky":false,"template":"","format":"standard","meta":{"footnotes":""},"categories":[253],"tags":[],"class_list":["post-86044","post","type-post","status-publish","format-standard","has-post-thumbnail","hentry","category-cidade"],"_links":{"self":[{"href":"https:\/\/diarioregionaldigital.com.br\/index.php?rest_route=\/wp\/v2\/posts\/86044","targetHints":{"allow":["GET"]}}],"collection":[{"href":"https:\/\/diarioregionaldigital.com.br\/index.php?rest_route=\/wp\/v2\/posts"}],"about":[{"href":"https:\/\/diarioregionaldigital.com.br\/index.php?rest_route=\/wp\/v2\/types\/post"}],"author":[{"embeddable":true,"href":"https:\/\/diarioregionaldigital.com.br\/index.php?rest_route=\/wp\/v2\/users\/96"}],"replies":[{"embeddable":true,"href":"https:\/\/diarioregionaldigital.com.br\/index.php?rest_route=%2Fwp%2Fv2%2Fcomments&post=86044"}],"version-history":[{"count":0,"href":"https:\/\/diarioregionaldigital.com.br\/index.php?rest_route=\/wp\/v2\/posts\/86044\/revisions"}],"wp:featuredmedia":[{"embeddable":true,"href":"https:\/\/diarioregionaldigital.com.br\/index.php?rest_route=\/wp\/v2\/media\/86043"}],"wp:attachment":[{"href":"https:\/\/diarioregionaldigital.com.br\/index.php?rest_route=%2Fwp%2Fv2%2Fmedia&parent=86044"}],"wp:term":[{"taxonomy":"category","embeddable":true,"href":"https:\/\/diarioregionaldigital.com.br\/index.php?rest_route=%2Fwp%2Fv2%2Fcategories&post=86044"},{"taxonomy":"post_tag","embeddable":true,"href":"https:\/\/diarioregionaldigital.com.br\/index.php?rest_route=%2Fwp%2Fv2%2Ftags&post=86044"}],"curies":[{"name":"wp","href":"https:\/\/api.w.org\/{rel}","templated":true}]}}