{"id":86042,"date":"2017-11-24T23:00:13","date_gmt":"2017-11-25T01:00:13","guid":{"rendered":"http:\/\/diarioregionaljf.com.br\/2017\/11\/24\/sesi-lanca-plataforma-com-solucoes-em-saude-e-seguranca-no-trabalho-para-a-industria\/"},"modified":"2017-11-24T23:00:13","modified_gmt":"2017-11-25T01:00:13","slug":"sesi-lanca-plataforma-com-solucoes-em-saude-e-seguranca-no-trabalho-para-a-industria","status":"publish","type":"post","link":"https:\/\/diarioregionaldigital.com.br\/?p=86042","title":{"rendered":"SESI lan\u00e7a plataforma com solu\u00e7\u00f5es em sa\u00fade e seguran\u00e7a no trabalho para a ind\u00fastria"},"content":{"rendered":"<p>O Servi\u00e7o Social da Ind\u00fastria (SESI) criou um ambiente virtual com solu\u00e7\u00f5es inovadoras em Sa\u00fade e Seguran\u00e7a na Ind\u00fastria. A Plataforma Nacional de Solu\u00e7\u00f5es SESI re\u00fane em um portal \u00fanico servi\u00e7os, produtos e processos inovadores desenvolvidos pelos oito Centros de Inova\u00e7\u00e3o do SESI. A ferramenta in\u00e9dita no mercado de sa\u00fade e seguran\u00e7a ser\u00e1 lan\u00e7ada nesta ter\u00e7a-feira, 28, em S\u00e3o Paulo, durante o evento Inova\u00e7\u00e3o em Sa\u00fade e Seguran\u00e7a na Ind\u00fastria, promovido pelo SESI.<\/p>\n<p>De acordo com o diretor de Opera\u00e7\u00f5es do SESI, Marcos Tadeu de Siqueira, a plataforma facilitar\u00e1 o contato e a integra\u00e7\u00e3o do SESI com as ind\u00fastrias, por meio de solu\u00e7\u00f5es customizadas, e tamb\u00e9m ampliar\u00e1 as parcerias da institui\u00e7\u00e3o com pesquisadores e centros de refer\u00eancia. Ele alerta que a ferramenta possibilitar\u00e1 a capta\u00e7\u00e3o de desafios na \u00e1rea de sa\u00fade e seguran\u00e7a para as ind\u00fastrias. \u201cCada projeto ser\u00e1 desenvolvido de maneira customizada a partir das demandas da ind\u00fastria e ter\u00e3o resultados exclusivos e aplic\u00e1veis \u00e0 realidade da empresa\u201d, detalha o diretor.<\/p>\n<p>O SESI disponibiliza para as ind\u00fastrias e parceiros um denso ecossistema de inova\u00e7\u00e3o que proporciona o acesso a solu\u00e7\u00f5es inovadoras em sa\u00fade e seguran\u00e7a. A plataforma, que pode ser acessada no endere\u00e7o <a href=\"inovacaosesi.org.br\">inovacaosesi.org.br<\/a>, oferece alternativas que contribuem para as empresas evitarem \u00e0s principais causas de afastamento dos trabalhadores da ind\u00fastria.<\/p>\n<p>H\u00e1 solu\u00e7\u00f5es em ergonomia, fatores psicossociais, longevidade, tecnologias para sa\u00fade, sistemas de gest\u00e3o, higiene ocupacional, preven\u00e7\u00e3o da incapacidade e fatores econ\u00f4micos relacionados \u00e0 sa\u00fade e seguran\u00e7a.<\/p>\n<p><strong>EVENTO<\/strong><\/p>\n<p>O evento Inova\u00e7\u00e3o em Sa\u00fade e Seguran\u00e7a na Ind\u00fastria, marcado para esta ter\u00e7a no WTC Events, ter\u00e1 palestras do oncologista Drauzio Varella e do m\u00e9dico do trabalho e diretor do Instituto Finland\u00eas de Sa\u00fade Ocupacional, Kari-Pekka Martimo. Ambos participar\u00e3o tamb\u00e9m de uma mesa redonda ao lado do gerente-executivo de Sa\u00fade e Seguran\u00e7a na Ind\u00fastria do SESI, Emmanuel Lacerda, e do presidente da Associa\u00e7\u00e3o Internacional de Promo\u00e7\u00e3o da Sa\u00fade no Ambiente de Trabalho (IAWHP), Alberto Ogata.<\/p>\n<p>No evento, tamb\u00e9m ser\u00e1 lan\u00e7ado o 6\u00ba volume do livro Temas Avan\u00e7ados em Qualidade de Vida, que trata de inova\u00e7\u00f5es para sa\u00fade, qualidade de vida e seguran\u00e7a nas empresas brasileiras. A obra, organizada por Alberto Jos\u00e9 Niituma Ogata, re\u00fane em nove cap\u00edtulos tem\u00e1ticas desenvolvidas pelos Centros de Inova\u00e7\u00e3o SESI.<\/p>\n<p>Participar\u00e3o do evento gestores de recursos humanos, de produ\u00e7\u00e3o, de sa\u00fade e seguran\u00e7a, al\u00e9m de CEOs de empresas e representantes de federa\u00e7\u00f5es e sindicatos industriais. O p\u00fablico ter\u00e1 acesso tamb\u00e9m a um estande onde ser\u00e1 poss\u00edvel conferir as solu\u00e7\u00f5es desenvolvidas pelos oito Centros de Inova\u00e7\u00e3o do SESI.<\/p>\n<hr \/>\n<p>&nbsp;Fonte: Assessoria<\/p>\n","protected":false},"excerpt":{"rendered":"<p>O Servi\u00e7o Social da Ind\u00fastria (SESI) criou um ambiente virtual com solu\u00e7\u00f5es inovadoras em Sa\u00fade e Seguran\u00e7a na Ind\u00fastria. A Plataforma Nacional de Solu\u00e7\u00f5es SESI re\u00fane em um portal \u00fanico servi\u00e7os, produtos e processos inovadores desenvolvidos pelos oito Centros de Inova\u00e7\u00e3o do SESI. A ferramenta in\u00e9dita no mercado de sa\u00fade e seguran\u00e7a ser\u00e1 lan\u00e7ada nesta [&hellip;]<\/p>\n","protected":false},"author":96,"featured_media":86041,"comment_status":"closed","ping_status":"closed","sticky":false,"template":"","format":"standard","meta":{"footnotes":""},"categories":[261],"tags":[],"class_list":["post-86042","post","type-post","status-publish","format-standard","has-post-thumbnail","hentry","category-economia"],"_links":{"self":[{"href":"https:\/\/diarioregionaldigital.com.br\/index.php?rest_route=\/wp\/v2\/posts\/86042","targetHints":{"allow":["GET"]}}],"collection":[{"href":"https:\/\/diarioregionaldigital.com.br\/index.php?rest_route=\/wp\/v2\/posts"}],"about":[{"href":"https:\/\/diarioregionaldigital.com.br\/index.php?rest_route=\/wp\/v2\/types\/post"}],"author":[{"embeddable":true,"href":"https:\/\/diarioregionaldigital.com.br\/index.php?rest_route=\/wp\/v2\/users\/96"}],"replies":[{"embeddable":true,"href":"https:\/\/diarioregionaldigital.com.br\/index.php?rest_route=%2Fwp%2Fv2%2Fcomments&post=86042"}],"version-history":[{"count":0,"href":"https:\/\/diarioregionaldigital.com.br\/index.php?rest_route=\/wp\/v2\/posts\/86042\/revisions"}],"wp:featuredmedia":[{"embeddable":true,"href":"https:\/\/diarioregionaldigital.com.br\/index.php?rest_route=\/wp\/v2\/media\/86041"}],"wp:attachment":[{"href":"https:\/\/diarioregionaldigital.com.br\/index.php?rest_route=%2Fwp%2Fv2%2Fmedia&parent=86042"}],"wp:term":[{"taxonomy":"category","embeddable":true,"href":"https:\/\/diarioregionaldigital.com.br\/index.php?rest_route=%2Fwp%2Fv2%2Fcategories&post=86042"},{"taxonomy":"post_tag","embeddable":true,"href":"https:\/\/diarioregionaldigital.com.br\/index.php?rest_route=%2Fwp%2Fv2%2Ftags&post=86042"}],"curies":[{"name":"wp","href":"https:\/\/api.w.org\/{rel}","templated":true}]}}