{"id":86040,"date":"2017-11-24T22:55:01","date_gmt":"2017-11-25T00:55:01","guid":{"rendered":"http:\/\/diarioregionaljf.com.br\/2017\/11\/24\/cafe-negocios-apresenta-palestra-cuide-bem-do-seu-estoque\/"},"modified":"2017-11-24T22:55:01","modified_gmt":"2017-11-25T00:55:01","slug":"cafe-negocios-apresenta-palestra-cuide-bem-do-seu-estoque","status":"publish","type":"post","link":"https:\/\/diarioregionaldigital.com.br\/?p=86040","title":{"rendered":"Caf\u00e9 &#038; Neg\u00f3cios apresenta palestra \u201cCuide bem do seu estoque\u201d"},"content":{"rendered":"<p>A correta gest\u00e3o de estoques \u00e9 o tema da pr\u00f3xima edi\u00e7\u00e3o do evento Caf\u00e9 &amp; Neg\u00f3cios da FIEMG Regional Zona da Mata. Promovida pelo Centro de Treinamentos da entidade, a palestra, seguida de debate, acontece na pr\u00f3xima ter\u00e7a-feira, dia 28 de novembro, de 9h \u00e0s 11h, na sede da Regional.<\/p>\n<p>A entrada \u00e9 gratuita e o evento \u00e9 direcionado a empres\u00e1rios, gerentes e todos os profissionais respons\u00e1veis pela organiza\u00e7\u00e3o ou manuten\u00e7\u00e3o de estoque, tanto da \u00e1rea industrial quanto do com\u00e9rcio.<\/p>\n<p>O encontro busca apresentar conhecimentos sobre o tema, com o objetivo de sensibilizar os participantes quanto ao impacto da boa ou m\u00e1 gest\u00e3o de estoques sobre o resultado das empresas. Entre os principais t\u00f3picos a serem abordados, est\u00e3o: Dificuldade de visualizar o giro de produtos; Falta de registro e hist\u00f3rico; Custo imposto ao neg\u00f3cio pela fraca administra\u00e7\u00e3o e controle de materiais; e Meio de controle: o passo a passo, entre outros pontos.<\/p>\n<p>Precedido por um caf\u00e9 de relacionamento, o evento ter\u00e1 como expositor Jos\u00e9 Junior Lima Alves de Oliveira, graduado em Administra\u00e7\u00e3o, Ci\u00eancias Cont\u00e1beis e Direito, especializado em Gerenciamento de Projetos e autor de diversos livros e e-books. O instrutor possui vasta experi\u00eancia como gerente e diretor, \u00e9 CEO da Universidade do Gerente e consultor empresarial.<\/p>\n<p>As vagas s\u00e3o limitadas e as inscri\u00e7\u00f5es podem ser feitas atrav\u00e9s do telefone (32) 3249-1028 ou do e-mail: relacoeszm@fiemg.com.br.<\/p>\n<p>A palestra acontece na FIEMG Regional Zona da Mata, localizada na Av. Garcia Rodrigues Paes, 12.395 \u2013 Bairro Industrial \u2013 Juiz de Fora \u2013 MG.<\/p>\n<hr \/>\n<p>&nbsp;Fonte: Assessoria<\/p>\n","protected":false},"excerpt":{"rendered":"<p>A correta gest\u00e3o de estoques \u00e9 o tema da pr\u00f3xima edi\u00e7\u00e3o do evento Caf\u00e9 &amp; Neg\u00f3cios da FIEMG Regional Zona da Mata. Promovida pelo Centro de Treinamentos da entidade, a palestra, seguida de debate, acontece na pr\u00f3xima ter\u00e7a-feira, dia 28 de novembro, de 9h \u00e0s 11h, na sede da Regional. A entrada \u00e9 gratuita e [&hellip;]<\/p>\n","protected":false},"author":96,"featured_media":86039,"comment_status":"closed","ping_status":"closed","sticky":false,"template":"","format":"standard","meta":{"footnotes":""},"categories":[261],"tags":[],"class_list":["post-86040","post","type-post","status-publish","format-standard","has-post-thumbnail","hentry","category-economia"],"_links":{"self":[{"href":"https:\/\/diarioregionaldigital.com.br\/index.php?rest_route=\/wp\/v2\/posts\/86040","targetHints":{"allow":["GET"]}}],"collection":[{"href":"https:\/\/diarioregionaldigital.com.br\/index.php?rest_route=\/wp\/v2\/posts"}],"about":[{"href":"https:\/\/diarioregionaldigital.com.br\/index.php?rest_route=\/wp\/v2\/types\/post"}],"author":[{"embeddable":true,"href":"https:\/\/diarioregionaldigital.com.br\/index.php?rest_route=\/wp\/v2\/users\/96"}],"replies":[{"embeddable":true,"href":"https:\/\/diarioregionaldigital.com.br\/index.php?rest_route=%2Fwp%2Fv2%2Fcomments&post=86040"}],"version-history":[{"count":0,"href":"https:\/\/diarioregionaldigital.com.br\/index.php?rest_route=\/wp\/v2\/posts\/86040\/revisions"}],"wp:featuredmedia":[{"embeddable":true,"href":"https:\/\/diarioregionaldigital.com.br\/index.php?rest_route=\/wp\/v2\/media\/86039"}],"wp:attachment":[{"href":"https:\/\/diarioregionaldigital.com.br\/index.php?rest_route=%2Fwp%2Fv2%2Fmedia&parent=86040"}],"wp:term":[{"taxonomy":"category","embeddable":true,"href":"https:\/\/diarioregionaldigital.com.br\/index.php?rest_route=%2Fwp%2Fv2%2Fcategories&post=86040"},{"taxonomy":"post_tag","embeddable":true,"href":"https:\/\/diarioregionaldigital.com.br\/index.php?rest_route=%2Fwp%2Fv2%2Ftags&post=86040"}],"curies":[{"name":"wp","href":"https:\/\/api.w.org\/{rel}","templated":true}]}}