{"id":86038,"date":"2017-11-24T22:51:53","date_gmt":"2017-11-25T00:51:53","guid":{"rendered":"http:\/\/diarioregionaljf.com.br\/2017\/11\/24\/ministerio-publico-questiona-no-stf-medida-provisoria-que-aumentou-aliquota-de-contribuicao-previdenciaria\/"},"modified":"2017-11-24T22:51:53","modified_gmt":"2017-11-25T00:51:53","slug":"ministerio-publico-questiona-no-stf-medida-provisoria-que-aumentou-aliquota-de-contribuicao-previdenciaria","status":"publish","type":"post","link":"https:\/\/diarioregionaldigital.com.br\/?p=86038","title":{"rendered":"Minist\u00e9rio P\u00fablico questiona no STF medida provis\u00f3ria que aumentou al\u00edquota de contribui\u00e7\u00e3o previdenci\u00e1ria"},"content":{"rendered":"<p>A Associa\u00e7\u00e3o Nacional dos Membros do Minist\u00e9rio P\u00fablico (CONAMP), a Associa\u00e7\u00e3o Nacional dos Procuradores da Rep\u00fablica (ANPR) e a Associa\u00e7\u00e3o Nacional dos Procuradores do Trabalho (ANPT) ajuizaram A\u00e7\u00e3o Direta de Inconstitucionalidade no Supremo Tribunal Federal, com pedido de liminar, contra a Medida Provis\u00f3ria (MP) 805\/2017, que fixou al\u00edquota progressiva para os servidores p\u00fablicos federais.<\/p>\n<p>Segundo as associa\u00e7\u00f5es, a MP \u00e9 inconstitucional ao impor al\u00edquota progressiva, caracterizando, portanto, efeito de confisco do Estado. \u201c(&#8230;) a Constitui\u00e7\u00e3o da Rep\u00fablica veda qualquer tributa\u00e7\u00e3o confiscat\u00f3ria, para que assim se evite a indevida apropria\u00e7\u00e3o do Estado. Ali\u00e1s, a carga tribut\u00e1ria originariamente imposta j\u00e1 se mostra acima do razo\u00e1vel, e querer aument\u00e1-la em tempos de aus\u00eancia de reajustes m\u00ednimos devidos representa a redu\u00e7\u00e3o da remunera\u00e7\u00e3o recebida, contrariando outra garantia constitucional (&#8230;) que \u00e9 a irredutibilidade de subs\u00eddios\u201d, descreve o documento inicial da a\u00e7\u00e3o.<\/p>\n<p>Apesar de ter ingresso no STF, at\u00e9 a veicula\u00e7\u00e3o desta not\u00edcia, a ADI n\u00e3o havia sido enumerada nem distribu\u00edda para relatoria.<\/p>\n<hr \/>\n<p>&nbsp;Fonte: Assessoria<\/p>\n","protected":false},"excerpt":{"rendered":"<p>A Associa\u00e7\u00e3o Nacional dos Membros do Minist\u00e9rio P\u00fablico (CONAMP), a Associa\u00e7\u00e3o Nacional dos Procuradores da Rep\u00fablica (ANPR) e a Associa\u00e7\u00e3o Nacional dos Procuradores do Trabalho (ANPT) ajuizaram A\u00e7\u00e3o Direta de Inconstitucionalidade no Supremo Tribunal Federal, com pedido de liminar, contra a Medida Provis\u00f3ria (MP) 805\/2017, que fixou al\u00edquota progressiva para os servidores p\u00fablicos federais. Segundo [&hellip;]<\/p>\n","protected":false},"author":96,"featured_media":86037,"comment_status":"closed","ping_status":"closed","sticky":false,"template":"","format":"standard","meta":{"footnotes":""},"categories":[261],"tags":[],"class_list":["post-86038","post","type-post","status-publish","format-standard","has-post-thumbnail","hentry","category-economia"],"_links":{"self":[{"href":"https:\/\/diarioregionaldigital.com.br\/index.php?rest_route=\/wp\/v2\/posts\/86038","targetHints":{"allow":["GET"]}}],"collection":[{"href":"https:\/\/diarioregionaldigital.com.br\/index.php?rest_route=\/wp\/v2\/posts"}],"about":[{"href":"https:\/\/diarioregionaldigital.com.br\/index.php?rest_route=\/wp\/v2\/types\/post"}],"author":[{"embeddable":true,"href":"https:\/\/diarioregionaldigital.com.br\/index.php?rest_route=\/wp\/v2\/users\/96"}],"replies":[{"embeddable":true,"href":"https:\/\/diarioregionaldigital.com.br\/index.php?rest_route=%2Fwp%2Fv2%2Fcomments&post=86038"}],"version-history":[{"count":0,"href":"https:\/\/diarioregionaldigital.com.br\/index.php?rest_route=\/wp\/v2\/posts\/86038\/revisions"}],"wp:featuredmedia":[{"embeddable":true,"href":"https:\/\/diarioregionaldigital.com.br\/index.php?rest_route=\/wp\/v2\/media\/86037"}],"wp:attachment":[{"href":"https:\/\/diarioregionaldigital.com.br\/index.php?rest_route=%2Fwp%2Fv2%2Fmedia&parent=86038"}],"wp:term":[{"taxonomy":"category","embeddable":true,"href":"https:\/\/diarioregionaldigital.com.br\/index.php?rest_route=%2Fwp%2Fv2%2Fcategories&post=86038"},{"taxonomy":"post_tag","embeddable":true,"href":"https:\/\/diarioregionaldigital.com.br\/index.php?rest_route=%2Fwp%2Fv2%2Ftags&post=86038"}],"curies":[{"name":"wp","href":"https:\/\/api.w.org\/{rel}","templated":true}]}}