{"id":86036,"date":"2017-11-24T22:33:38","date_gmt":"2017-11-25T00:33:38","guid":{"rendered":"http:\/\/diarioregionaljf.com.br\/2017\/11\/24\/garotinho-sera-transferido-para-presidio-de-seguranca-maxima-em-bangu\/"},"modified":"2017-11-24T22:33:38","modified_gmt":"2017-11-25T00:33:38","slug":"garotinho-sera-transferido-para-presidio-de-seguranca-maxima-em-bangu","status":"publish","type":"post","link":"https:\/\/diarioregionaldigital.com.br\/?p=86036","title":{"rendered":"Garotinho ser\u00e1 transferido para pres\u00eddio de seguran\u00e7a m\u00e1xima em Bangu"},"content":{"rendered":"<p>O ex-governador do Rio de Janeiro Anthony Garotinho ser\u00e1 transferido para o pres\u00eddio de seguran\u00e7a m\u00e1xima de Bangu 8, no Complexo Penitenci\u00e1rio de Gericin\u00f3, na zona oeste do Rio.<\/p>\n<p>O juiz eleitoral Ralph Manhaes J\u00fanior, da 98\u00aa Zona Eleitoral, de Campos dos Goytacazes, determinou a transfer\u00eancia depois que, segundo ele, Garotinho simulou uma agress\u00e3o dentro da Cadeia P\u00fablica Jos\u00e9 Frederico Marques, em Benfica, na madrugada desta sexta-feira, 24.<\/p>\n<p>\u201cFica autorizado ao ju\u00edzo da VEP [Vara de Execu\u00e7\u00e3o Penal], em sintonia com a Seap [Secretaria Estadual de Administra\u00e7\u00e3o Penitenci\u00e1ria], a transfer\u00eancia imediata do r\u00e9u em tela para um pres\u00eddio de seguran\u00e7a m\u00e1xima, visando assim garantir a integridade f\u00edsica do acusado\u201d, decidiu Manh\u00e3es.<\/p>\n<p>De acordo com o juiz, a Seap informou que as c\u00e2meras de seguran\u00e7a da galeria onde Garotinho est\u00e1 preso em Benfica n\u00e3o registraram nada que comprove a agress\u00e3o contra o ex-governador, que alegou ter sofrido viol\u00eancia de um indiv\u00edduo que teria entrado em sua cela com um taco de madeira, batido em seu joelho e o amea\u00e7ado.<\/p>\n<p>No in\u00edcio da tarde, Garotinho registrou a suposta agress\u00e3o na 21\u00aa Delegacia de Pol\u00edcia. A Pol\u00edcia Civil instaurou inqu\u00e9rito para apurar crime de agress\u00e3o. Garotinho foi preso na quarta-feira, 22, junto com a mulher, Rosinha, acusado da pr\u00e1tica dos crimes de corrup\u00e7\u00e3o, concuss\u00e3o, participa\u00e7\u00e3o em organiza\u00e7\u00e3o criminosa e falsidade na presta\u00e7\u00e3o das contas eleitorais.<\/p>\n<p>Em Benfica tamb\u00e9m est\u00e3o presos o ex-governador S\u00e9rgio Cabral e o presidente da Assembleia Legislativa do Rio de Janeiro (Alerj), deputado Jorge Picciani, ambos do PMDB, al\u00e9m de outros integrantes do mesmo grupo, desafetos pol\u00edticos de Garotinho, que os denunciou v\u00e1rias vezes, ao longo dos \u00faltimos anos, por meio da imprensa.<\/p>\n<p>&nbsp;<\/p>\n<p>Fonte: Ag\u00eancia Brasil<\/p>\n","protected":false},"excerpt":{"rendered":"<p>O ex-governador do Rio de Janeiro Anthony Garotinho ser\u00e1 transferido para o pres\u00eddio de seguran\u00e7a m\u00e1xima de Bangu 8, no Complexo Penitenci\u00e1rio de Gericin\u00f3, na zona oeste do Rio. O juiz eleitoral Ralph Manhaes J\u00fanior, da 98\u00aa Zona Eleitoral, de Campos dos Goytacazes, determinou a transfer\u00eancia depois que, segundo ele, Garotinho simulou uma agress\u00e3o dentro [&hellip;]<\/p>\n","protected":false},"author":96,"featured_media":86035,"comment_status":"closed","ping_status":"closed","sticky":false,"template":"","format":"standard","meta":{"footnotes":""},"categories":[254],"tags":[],"class_list":["post-86036","post","type-post","status-publish","format-standard","has-post-thumbnail","hentry","category-politica"],"_links":{"self":[{"href":"https:\/\/diarioregionaldigital.com.br\/index.php?rest_route=\/wp\/v2\/posts\/86036","targetHints":{"allow":["GET"]}}],"collection":[{"href":"https:\/\/diarioregionaldigital.com.br\/index.php?rest_route=\/wp\/v2\/posts"}],"about":[{"href":"https:\/\/diarioregionaldigital.com.br\/index.php?rest_route=\/wp\/v2\/types\/post"}],"author":[{"embeddable":true,"href":"https:\/\/diarioregionaldigital.com.br\/index.php?rest_route=\/wp\/v2\/users\/96"}],"replies":[{"embeddable":true,"href":"https:\/\/diarioregionaldigital.com.br\/index.php?rest_route=%2Fwp%2Fv2%2Fcomments&post=86036"}],"version-history":[{"count":0,"href":"https:\/\/diarioregionaldigital.com.br\/index.php?rest_route=\/wp\/v2\/posts\/86036\/revisions"}],"wp:featuredmedia":[{"embeddable":true,"href":"https:\/\/diarioregionaldigital.com.br\/index.php?rest_route=\/wp\/v2\/media\/86035"}],"wp:attachment":[{"href":"https:\/\/diarioregionaldigital.com.br\/index.php?rest_route=%2Fwp%2Fv2%2Fmedia&parent=86036"}],"wp:term":[{"taxonomy":"category","embeddable":true,"href":"https:\/\/diarioregionaldigital.com.br\/index.php?rest_route=%2Fwp%2Fv2%2Fcategories&post=86036"},{"taxonomy":"post_tag","embeddable":true,"href":"https:\/\/diarioregionaldigital.com.br\/index.php?rest_route=%2Fwp%2Fv2%2Ftags&post=86036"}],"curies":[{"name":"wp","href":"https:\/\/api.w.org\/{rel}","templated":true}]}}