{"id":86034,"date":"2017-11-24T22:26:10","date_gmt":"2017-11-25T00:26:10","guid":{"rendered":"http:\/\/diarioregionaljf.com.br\/2017\/11\/24\/pgr-defende-liberdade-de-ex-assessor-do-deputado-lucio-vieira-lima\/"},"modified":"2017-11-24T22:26:10","modified_gmt":"2017-11-25T00:26:10","slug":"pgr-defende-liberdade-de-ex-assessor-do-deputado-lucio-vieira-lima","status":"publish","type":"post","link":"https:\/\/diarioregionaldigital.com.br\/?p=86034","title":{"rendered":"PGR defende liberdade de ex-assessor do deputado L\u00facio Vieira Lima"},"content":{"rendered":"<p>A procuradora-geral da Rep\u00fablica, Raquel Dodge, enviou ao Supremo Tribunal Federal (STF) parecer a favor da concess\u00e3o de liberdade a Job Ribeiro Brand\u00e3o, ex-assessor do deputado L\u00facio Vieira Lima (PMDB-BA). Job foi preso pela Pol\u00edcia Federal (PF) ap\u00f3s investigadores encontrarem suas digitais em sacos de dinheiro atribu\u00eddos ao ex-ministro Geddel Vieira Lima, irm\u00e3o do parlamentar, mas ganhou o direito \u00e0 pris\u00e3o domiciliar, concedida pelo ministro Edson Fachin.<\/p>\n<p>No parecer, Raquel Dodge afirma que o ex-assessor pode aguardar o desfecho das investiga\u00e7\u00f5es em liberdade, porque est\u00e1 colaborando com a apura\u00e7\u00e3o sobre a origem do dinheiro.<\/p>\n<p>\u201cEle n\u00e3o apenas confessou sua participa\u00e7\u00e3o nos fatos, como foi al\u00e9m, revelando supostos contextos criminosos, conexos aos investigados no Inqu\u00e9rito n\u00b04633, at\u00e9 ent\u00e3o desconhecidos pelos investigadores. Ouvido pelo MPF e pela Pol\u00edcia Federal, em 14\/11\/2017, Job teceu detalhes de uma suposta associa\u00e7\u00e3o criminosa criada para ocultar valores milion\u00e1rios decorrentes de corrup\u00e7\u00e3o, organiza\u00e7\u00e3o criminosa e de peculato\u201d, informou a procuradora.<\/p>\n<p>Geddel foi preso preventivamente em 3 de julho, na Opera\u00e7\u00e3o Cui Bono, por suspeita de que estaria agindo para atrapalhar as investiga\u00e7\u00f5es. No dia 13 do mesmo m\u00eas, o Tribunal Regional Federal (TRF) da 1\u00aa Regi\u00e3o concedeu ao ex-ministro o direito de cumprir pris\u00e3o domiciliar em sua resid\u00eancia, em Salvador.<\/p>\n<p>No dia 8, o ex-ministro foi preso novamente em Salvador, e levado para o Complexo Penitenci\u00e1rio da Papuda, na capital federal, tr\u00eas dias ap\u00f3s a PF ter encontrado os R$51 milh\u00f5es em um apartamento de um amigo do pol\u00edtico. O dinheiro apreendido j\u00e1 foi depositado em conta judicial.<\/p>\n<p>Segundo a Pol\u00edcia Federal, parte do dinheiro seria resultante de um esquema de fraude na libera\u00e7\u00e3o de cr\u00e9ditos da Caixa Econ\u00f4mica Federal no per\u00edodo entre 2011 e 2013. Entre mar\u00e7o de 2011 e dezembro de 2013, a vice-presid\u00eancia de Pessoa Jur\u00eddica da institui\u00e7\u00e3o era ocupada por Geddel Vieira Lima.<\/p>\n<p>&nbsp;<\/p>\n<p>Fonte: Ag\u00eancia Brasil<\/p>\n","protected":false},"excerpt":{"rendered":"<p>A procuradora-geral da Rep\u00fablica, Raquel Dodge, enviou ao Supremo Tribunal Federal (STF) parecer a favor da concess\u00e3o de liberdade a Job Ribeiro Brand\u00e3o, ex-assessor do deputado L\u00facio Vieira Lima (PMDB-BA). Job foi preso pela Pol\u00edcia Federal (PF) ap\u00f3s investigadores encontrarem suas digitais em sacos de dinheiro atribu\u00eddos ao ex-ministro Geddel Vieira Lima, irm\u00e3o do parlamentar, [&hellip;]<\/p>\n","protected":false},"author":96,"featured_media":86033,"comment_status":"closed","ping_status":"closed","sticky":false,"template":"","format":"standard","meta":{"footnotes":""},"categories":[254],"tags":[],"class_list":["post-86034","post","type-post","status-publish","format-standard","has-post-thumbnail","hentry","category-politica"],"_links":{"self":[{"href":"https:\/\/diarioregionaldigital.com.br\/index.php?rest_route=\/wp\/v2\/posts\/86034","targetHints":{"allow":["GET"]}}],"collection":[{"href":"https:\/\/diarioregionaldigital.com.br\/index.php?rest_route=\/wp\/v2\/posts"}],"about":[{"href":"https:\/\/diarioregionaldigital.com.br\/index.php?rest_route=\/wp\/v2\/types\/post"}],"author":[{"embeddable":true,"href":"https:\/\/diarioregionaldigital.com.br\/index.php?rest_route=\/wp\/v2\/users\/96"}],"replies":[{"embeddable":true,"href":"https:\/\/diarioregionaldigital.com.br\/index.php?rest_route=%2Fwp%2Fv2%2Fcomments&post=86034"}],"version-history":[{"count":0,"href":"https:\/\/diarioregionaldigital.com.br\/index.php?rest_route=\/wp\/v2\/posts\/86034\/revisions"}],"wp:featuredmedia":[{"embeddable":true,"href":"https:\/\/diarioregionaldigital.com.br\/index.php?rest_route=\/wp\/v2\/media\/86033"}],"wp:attachment":[{"href":"https:\/\/diarioregionaldigital.com.br\/index.php?rest_route=%2Fwp%2Fv2%2Fmedia&parent=86034"}],"wp:term":[{"taxonomy":"category","embeddable":true,"href":"https:\/\/diarioregionaldigital.com.br\/index.php?rest_route=%2Fwp%2Fv2%2Fcategories&post=86034"},{"taxonomy":"post_tag","embeddable":true,"href":"https:\/\/diarioregionaldigital.com.br\/index.php?rest_route=%2Fwp%2Fv2%2Ftags&post=86034"}],"curies":[{"name":"wp","href":"https:\/\/api.w.org\/{rel}","templated":true}]}}