{"id":86029,"date":"2017-11-24T21:37:57","date_gmt":"2017-11-24T23:37:57","guid":{"rendered":"http:\/\/diarioregionaljf.com.br\/2017\/11\/24\/minas-gerais-e-o-estado-com-o-maior-numero-de-medalhas-entre-as-escolas-publicas-na-olimpiada-de-matematica\/"},"modified":"2017-11-24T21:37:57","modified_gmt":"2017-11-24T23:37:57","slug":"minas-gerais-e-o-estado-com-o-maior-numero-de-medalhas-entre-as-escolas-publicas-na-olimpiada-de-matematica","status":"publish","type":"post","link":"https:\/\/diarioregionaldigital.com.br\/?p=86029","title":{"rendered":"Minas Gerais \u00e9 o estado com o maior n\u00famero de medalhas entre as escolas p\u00fablicas na Olimp\u00edada de Matem\u00e1tica"},"content":{"rendered":"<p>Mais uma vez, os estudantes mineiros colocaram o estado no lugar mais alto do p\u00f3dio da Olimp\u00edada Brasileira de Matem\u00e1tica das Escolas P\u00fabicas (Obmep) 2017. Minas Gerais \u00e9 o estado com o maior n\u00famero de medalhas na Obmep, entre as escolas p\u00fablicas.<\/p>\n<p>Esta \u00e9 a 11\u00aa vez consecutiva que Minas Gerais fica em primeiro lugar em n\u00famero de alunos medalhistas. Ao todo, foram 1.448 medalhas, sendo 119 de ouro, 381 de prata e 948 de bronze. O segundo estado com mais premia\u00e7\u00f5es \u00e9 S\u00e3o Paulo, com 94 de ouro, 274 de prata, 914 de bronze.<\/p>\n<p>No n\u00edvel 1, para alunos do 6\u00ba e 7\u00ba anos do ensino fundamental, o melhor colocado em todo pa\u00eds \u00e9 da rede estadual de ensino de Minas Gerais. Mateus Mundstock Mendes de Carvalho \u00e9 aluno do 7\u00ba ano da Escola Estadual Dr. Adiron Gon\u00e7alves Boa Ventura, no munic\u00edpio de Rio Parana\u00edba.<\/p>\n<p>O estudante conquistou esse ano sua segunda medalha de ouro e atribui isso \u00e0 sua facilidade em resolver quest\u00f5es que envolvem racioc\u00ednio l\u00f3gico. \u201cEu sou bom em racioc\u00ednio l\u00f3gico, o que me ajudou bastante nas provas. Para a Obmep, costumo estudar pouco, porque na minha opini\u00e3o n\u00e3o \u00e9 uma prova que precisa ficar horas estudando. As quest\u00f5es s\u00e3o mais de interpreta\u00e7\u00e3o\u201d, conta.<\/p>\n<p>Quando faturou sua primeira medalha, em 2016, Mateus recebeu a premia\u00e7\u00e3o em uma cerim\u00f4nia realizada no Rio de Janeiro, o que fez com que o estudante percebesse a abrang\u00eancia da competi\u00e7\u00e3o. Nessa quarta-feira, 22, quando saiu a lista dos premiados, ver seu nome como o primeiro da lista dos medalhistas de ouro o deixou sem palavras.<\/p>\n<p>\u201cEu achei incr\u00edvel. Depois que fiz a viagem para o Rio de Janeiro e vi aquele mundo de gente percebi ainda mais a grandiosidade da Obmep. N\u00e3o consigo nem descrever o quanto estou feliz agora\u201d, conclui.<\/p>\n<p>Este ano, a Obmep distribuiu 500 medalhas de ouro, 1.500 de prata e 4.506 de bronze &#8211; em decorr\u00eancia de empate &#8211; e 38,6 mil men\u00e7\u00f5es honrosas. Os alunos de escolas particulares receber\u00e3o 76 medalhas de ouro, 227 de prata, 682 de bronze e 5,7 mil men\u00e7\u00f5es honrosas.<br \/>A 13\u00aa edi\u00e7\u00e3o da Obmep contou com a participa\u00e7\u00e3o de 53.231 escolas de todo o pa\u00eds, de 99,6% dos munic\u00edpios brasileiros. Dos 18,2 milh\u00f5es de estudantes inscritos, 941 mil foram classificados para a segunda fase da competi\u00e7\u00e3o &#8211; 903 mil de escolas p\u00fablicas e 38 mil de particulares.<\/p>\n<p>Clique <a href=\"http:\/\/premiacao.obmep.org.br\/2017\/verMenuAlunosPremiados-MG.htm\" target=\"_blank\" rel=\"noopener noreferrer\">aqui<\/a> para conferir a lista dos alunos medalhistas na Obmep.<\/p>\n<p>&nbsp;<\/p>\n<h4>MEN\u00c7\u00d5ES HONROSAS<\/h4>\n<p>Os estudantes de escolas p\u00fablicas mineiras tamb\u00e9m se destacaram no n\u00famero de men\u00e7\u00f5es honrosas. Ao todo, foram conquistadas 7.999 men\u00e7\u00f5es honrosas.<\/p>\n<p>&nbsp;<\/p>\n<h4>PROFESSORES E ESCOLAS PREMIADOS<\/h4>\n<p>Na Obmep, professores e escolas tamb\u00e9m concorrem a pr\u00eamios, de acordo com o desempenho dos alunos. Em Minas Gerais, foram premiados 19 professores de escolas p\u00fablicas. Destes, 16 s\u00e3o de escolas da rede estadual de ensino, dois de escolas municipais e um de escola da rede federal.<\/p>\n<p>Clique <a href=\"http:\/\/www.obmep.org.br\/2017\/verRelatorioProfessoresPremiados.do.htm\" target=\"_blank\" rel=\"noopener noreferrer\">aqui<\/a> para conferir a lista de professores premiados.<\/p>\n<p>J\u00e1 com rela\u00e7\u00e3o a escolas, Minas Gerais conta com 28 escolas premiadas: 19 estaduais e nove municipais.<\/p>\n<p>&nbsp;<\/p>\n<h4>SOBRE A OBMEP<\/h4>\n<p>Destinada a estudantes do 6\u00ba ano do ensino fundamental ao 3\u00ba ano do ensino m\u00e9dio, a Obmep \u00e9 realizada pelo Instituto de Matem\u00e1tica Pura e Aplicada (IMPA) e promovida com recursos do Minist\u00e9rio da Ci\u00eancia, Tecnologia, Inova\u00e7\u00f5es e Comunica\u00e7\u00f5es (MCTIC) e do Minist\u00e9rio da Educa\u00e7\u00e3o (MEC), com o apoio da Sociedade Brasileira de Matem\u00e1tica (SBM).<\/p>\n<p>A olimp\u00edada integra o calend\u00e1rio de atividades do Bi\u00eanio da Matem\u00e1tica do Brasil 2017-2018, que tem patroc\u00ednio do BNDES e apoio dos minist\u00e9rios da Ci\u00eancia, Tecnologia, Inova\u00e7\u00f5es e Comunica\u00e7\u00f5es e da Educa\u00e7\u00e3o.<\/p>\n<p>Criada em 2005 pelo IMPA, a Obmep tem como metas estimular o estudo da Matem\u00e1tica, revelar talentos &#8211; incentivando seu ingresso nas \u00e1reas cient\u00edficas e tecnol\u00f3gicas &#8211; e promover a inclus\u00e3o social pela difus\u00e3o do conhecimento. Este ano, a Obmep passou a integrar tamb\u00e9m institui\u00e7\u00f5es privadas na competi\u00e7\u00e3o.<\/p>\n<p>&nbsp;<\/p>\n<p>Fonte: Ag\u00eancia Minas<\/p>\n","protected":false},"excerpt":{"rendered":"<p>Mais uma vez, os estudantes mineiros colocaram o estado no lugar mais alto do p\u00f3dio da Olimp\u00edada Brasileira de Matem\u00e1tica das Escolas P\u00fabicas (Obmep) 2017. Minas Gerais \u00e9 o estado com o maior n\u00famero de medalhas na Obmep, entre as escolas p\u00fablicas. Esta \u00e9 a 11\u00aa vez consecutiva que Minas Gerais fica em primeiro lugar [&hellip;]<\/p>\n","protected":false},"author":96,"featured_media":86028,"comment_status":"closed","ping_status":"closed","sticky":false,"template":"","format":"standard","meta":{"footnotes":""},"categories":[252],"tags":[],"class_list":["post-86029","post","type-post","status-publish","format-standard","has-post-thumbnail","hentry","category-regiao"],"_links":{"self":[{"href":"https:\/\/diarioregionaldigital.com.br\/index.php?rest_route=\/wp\/v2\/posts\/86029","targetHints":{"allow":["GET"]}}],"collection":[{"href":"https:\/\/diarioregionaldigital.com.br\/index.php?rest_route=\/wp\/v2\/posts"}],"about":[{"href":"https:\/\/diarioregionaldigital.com.br\/index.php?rest_route=\/wp\/v2\/types\/post"}],"author":[{"embeddable":true,"href":"https:\/\/diarioregionaldigital.com.br\/index.php?rest_route=\/wp\/v2\/users\/96"}],"replies":[{"embeddable":true,"href":"https:\/\/diarioregionaldigital.com.br\/index.php?rest_route=%2Fwp%2Fv2%2Fcomments&post=86029"}],"version-history":[{"count":0,"href":"https:\/\/diarioregionaldigital.com.br\/index.php?rest_route=\/wp\/v2\/posts\/86029\/revisions"}],"wp:featuredmedia":[{"embeddable":true,"href":"https:\/\/diarioregionaldigital.com.br\/index.php?rest_route=\/wp\/v2\/media\/86028"}],"wp:attachment":[{"href":"https:\/\/diarioregionaldigital.com.br\/index.php?rest_route=%2Fwp%2Fv2%2Fmedia&parent=86029"}],"wp:term":[{"taxonomy":"category","embeddable":true,"href":"https:\/\/diarioregionaldigital.com.br\/index.php?rest_route=%2Fwp%2Fv2%2Fcategories&post=86029"},{"taxonomy":"post_tag","embeddable":true,"href":"https:\/\/diarioregionaldigital.com.br\/index.php?rest_route=%2Fwp%2Fv2%2Ftags&post=86029"}],"curies":[{"name":"wp","href":"https:\/\/api.w.org\/{rel}","templated":true}]}}