{"id":86025,"date":"2017-11-24T20:14:32","date_gmt":"2017-11-24T22:14:32","guid":{"rendered":"http:\/\/diarioregionaljf.com.br\/2017\/11\/24\/sucesso-total-5\/"},"modified":"2017-11-24T20:14:32","modified_gmt":"2017-11-24T22:14:32","slug":"sucesso-total-5","status":"publish","type":"post","link":"https:\/\/diarioregionaldigital.com.br\/?p=86025","title":{"rendered":"Sucesso Total"},"content":{"rendered":"<p style=\"text-align: center;\"><span class=\"h4\">Sucesso Total<\/span><br \/>Digna de todos os elogios, a escritora Cecy Barbosa Campos, est\u00e1 sendo em 2017, premiad\u00edssima em sua carreira l\u00fadica. Recentemente ela conquistou o terceiro lugar no Festival de Contos do Rio, com o Texto \u201cFelinos Felizes\u201d e ganhou o Pr\u00eamio Melhores Contistas de 2017, da Editora M\u00e1gico de Oz. Ent\u00e3o, palmas para ela.<\/p>\n<p style=\"text-align: center;\"><span class=\"h4\">Requinte<\/span><br \/>Com seu apurad\u00edssimo bom gosto, Adriana Barros da Dommani inaugurou na Cidade Alta uma bonita decora\u00e7\u00e3o de Natal. Para o terceiro andar do espa\u00e7o de m\u00f3veis e objetos finos, Paula Jacob e a SL Eventos apresentaram um ambiente de festas, no terceiro andar.<\/p>\n<p style=\"text-align: center;\"><span class=\"h4\">Voc\u00ea Decide<\/span><br \/>Aos interlocutores mais pr\u00f3ximos Luciano Huck tem negado que dezembro seja o prazo final para decidir se ser\u00e1 candidato a Presid\u00eancia da Rep\u00fablica. O tempo seria mais el\u00e1stico. Se tivesse que se definir hoje, por\u00e9m, n\u00e3o entraria na corrida eleitoral.<\/p>\n<p style=\"text-align: center;\"><span class=\"h4\">Tilintar<\/span><br \/>N\u00e3o se sabe para comemorar exatamente o qu\u00ea, mas o fato que chamou aten\u00e7\u00e3o deste colunista foi a not\u00edcia da importa\u00e7\u00e3o de vinhos e espumantes cresceu 39% entre janeiro e outubro em rela\u00e7\u00e3o do mesmo per\u00edodo de 2016, segundo o Minist\u00e9rio da Ind\u00fastria e Com\u00e9rcio. Chegou ao Brasil um total de 105,7 milh\u00f5es de litros. Tim-Tim.<\/p>\n<p style=\"text-align: center;\"><span class=\"h4\">Trolol\u00f3<\/span><br \/>Os videoclipes do cisco de Gal Costa rec\u00e9m-lan\u00e7ado pela gravadora Biscoito Fino Ser\u00e3o criados e dirigidos por um ne\u00f3fito do ramo, Nizan Guanaes. A cantora e o publicit\u00e1rio ainda n\u00e3o decidiram por\u00e9m, quais m\u00fasicas entrar\u00e3o na roda.<\/p>\n<p style=\"text-align: center;\"><span class=\"h4\">Sem Preconceito<\/span><br \/>Foi um sucesso o lan\u00e7amento da revista \u201cO Lacre\u201d, com entrevistas, reportagens e fotos sobre os preconceitos vivenciados pela popula\u00e7\u00e3o negra LGBT na universidade. Palmas para os alunos de Jornalismo da UFJF, Armando J\u00fanior e Leandro Barbosa, respons\u00e1veis pela obra.<\/p>\n<p><img decoding=\"async\" class=\" size-full wp-image-86012\" src=\"http:\/\/diarioregionaljf.com.br\/wp-content\/uploads\/2017\/11\/diario-int-21565-1.jpg\" alt=\"FOTOA1.jpg\" width=\"680\" style=\"display: block; margin-left: auto; margin-right: auto;\" srcset=\"https:\/\/diarioregionaldigital.com.br\/wp-content\/uploads\/2017\/11\/diario-int-21565-1.jpg 680w, https:\/\/diarioregionaldigital.com.br\/wp-content\/uploads\/2017\/11\/diario-int-21565-1-300x269.jpg 300w, https:\/\/diarioregionaldigital.com.br\/wp-content\/uploads\/2017\/11\/diario-int-21565-1-360x323.jpg 360w\" sizes=\"(max-width: 680px) 100vw, 680px\" \/><\/p>\n<p><img decoding=\"async\" class=\" size-full wp-image-86013\" src=\"http:\/\/diarioregionaljf.com.br\/wp-content\/uploads\/2017\/11\/diario-int-21565-2.jpg\" alt=\"FOTOA2.jpg\" width=\"680\" style=\"display: block; margin-left: auto; margin-right: auto;\" srcset=\"https:\/\/diarioregionaldigital.com.br\/wp-content\/uploads\/2017\/11\/diario-int-21565-2.jpg 680w, https:\/\/diarioregionaldigital.com.br\/wp-content\/uploads\/2017\/11\/diario-int-21565-2-300x269.jpg 300w, https:\/\/diarioregionaldigital.com.br\/wp-content\/uploads\/2017\/11\/diario-int-21565-2-360x323.jpg 360w\" sizes=\"(max-width: 680px) 100vw, 680px\" \/><\/p>\n<p style=\"text-align: center;\"><img decoding=\"async\" class=\" size-full wp-image-86014\" src=\"http:\/\/diarioregionaljf.com.br\/wp-content\/uploads\/2017\/11\/diario-int-21565-3.jpg\" alt=\"FOTOA3.jpg\" width=\"680\" style=\"display: block; margin-left: auto; margin-right: auto;\" srcset=\"https:\/\/diarioregionaldigital.com.br\/wp-content\/uploads\/2017\/11\/diario-int-21565-3.jpg 680w, https:\/\/diarioregionaldigital.com.br\/wp-content\/uploads\/2017\/11\/diario-int-21565-3-300x269.jpg 300w, https:\/\/diarioregionaldigital.com.br\/wp-content\/uploads\/2017\/11\/diario-int-21565-3-360x323.jpg 360w\" sizes=\"(max-width: 680px) 100vw, 680px\" \/>Modelo Alana Mostra o ver\u00e3o Fato B\u00e1sico para a loja M. Marques, em estilo festa de fim de ano<\/p>\n<p style=\"text-align: center;\"><img decoding=\"async\" class=\" size-full wp-image-86015\" src=\"http:\/\/diarioregionaljf.com.br\/wp-content\/uploads\/2017\/11\/diario-int-21565-4.jpg\" alt=\"FOTOB.jpg\" width=\"680\" style=\"display: block; margin-left: auto; margin-right: auto;\" srcset=\"https:\/\/diarioregionaldigital.com.br\/wp-content\/uploads\/2017\/11\/diario-int-21565-4.jpg 680w, https:\/\/diarioregionaldigital.com.br\/wp-content\/uploads\/2017\/11\/diario-int-21565-4-300x199.jpg 300w, https:\/\/diarioregionaldigital.com.br\/wp-content\/uploads\/2017\/11\/diario-int-21565-4-360x238.jpg 360w\" sizes=\"(max-width: 680px) 100vw, 680px\" \/>Classe e requinte fazendo social na Barbosa Lima, Vera Alice Tam, Eduardo Gomes, Sarah Costa<\/p>\n<p style=\"text-align: center;\"><img decoding=\"async\" class=\" size-full wp-image-86016\" src=\"http:\/\/diarioregionaljf.com.br\/wp-content\/uploads\/2017\/11\/diario-int-21565-5.JPG\" alt=\"FOTOC.JPG\" width=\"680\" style=\"display: block; margin-left: auto; margin-right: auto;\" srcset=\"https:\/\/diarioregionaldigital.com.br\/wp-content\/uploads\/2017\/11\/diario-int-21565-5.JPG 680w, https:\/\/diarioregionaldigital.com.br\/wp-content\/uploads\/2017\/11\/diario-int-21565-5-300x199.jpg 300w, https:\/\/diarioregionaldigital.com.br\/wp-content\/uploads\/2017\/11\/diario-int-21565-5-360x238.jpg 360w\" sizes=\"(max-width: 680px) 100vw, 680px\" \/>Chiqu\u00e9rrimas na Arpel Alameda, Maria Espada e Vanda Surerus<\/p>\n<p style=\"text-align: center;\"><img decoding=\"async\" class=\" size-full wp-image-86017\" src=\"http:\/\/diarioregionaljf.com.br\/wp-content\/uploads\/2017\/11\/diario-int-21565-6.jpg\" alt=\"FOTOD.jpg\" width=\"680\" style=\"display: block; margin-left: auto; margin-right: auto;\" srcset=\"https:\/\/diarioregionaldigital.com.br\/wp-content\/uploads\/2017\/11\/diario-int-21565-6.jpg 680w, https:\/\/diarioregionaldigital.com.br\/wp-content\/uploads\/2017\/11\/diario-int-21565-6-300x199.jpg 300w, https:\/\/diarioregionaldigital.com.br\/wp-content\/uploads\/2017\/11\/diario-int-21565-6-360x238.jpg 360w\" sizes=\"(max-width: 680px) 100vw, 680px\" \/>No Simetria, Jo\u00e3o Batista Calderano, Ana Maria Flores e Camila Marchi<\/p>\n<p style=\"text-align: center;\"><img decoding=\"async\" class=\" size-full wp-image-86018\" src=\"http:\/\/diarioregionaljf.com.br\/wp-content\/uploads\/2017\/11\/diario-int-21565-7.JPG\" alt=\"FOTOE.JPG\" width=\"680\" style=\"display: block; margin-left: auto; margin-right: auto;\" srcset=\"https:\/\/diarioregionaldigital.com.br\/wp-content\/uploads\/2017\/11\/diario-int-21565-7.JPG 680w, https:\/\/diarioregionaldigital.com.br\/wp-content\/uploads\/2017\/11\/diario-int-21565-7-266x300.jpg 266w, https:\/\/diarioregionaldigital.com.br\/wp-content\/uploads\/2017\/11\/diario-int-21565-7-360x407.jpg 360w\" sizes=\"(max-width: 680px) 100vw, 680px\" \/>No Excalibur, Marcelo Esp\u00edndola e Ricardo Barcellos<\/p>\n<p style=\"text-align: center;\"><img decoding=\"async\" class=\" size-full wp-image-86019\" src=\"http:\/\/diarioregionaljf.com.br\/wp-content\/uploads\/2017\/11\/diario-int-21565-8.jpg\" alt=\"FOTOF.jpg\" width=\"680\" style=\"display: block; margin-left: auto; margin-right: auto;\" srcset=\"https:\/\/diarioregionaldigital.com.br\/wp-content\/uploads\/2017\/11\/diario-int-21565-8.jpg 680w, https:\/\/diarioregionaldigital.com.br\/wp-content\/uploads\/2017\/11\/diario-int-21565-8-300x198.jpg 300w, https:\/\/diarioregionaldigital.com.br\/wp-content\/uploads\/2017\/11\/diario-int-21565-8-360x238.jpg 360w\" sizes=\"(max-width: 680px) 100vw, 680px\" \/>Na Casinha 649, Paloma Mateus, T\u00e2nia Alqualo e Ingrid Og Dauyer<\/p>\n<p style=\"text-align: center;\"><img decoding=\"async\" class=\" size-full wp-image-86020\" src=\"http:\/\/diarioregionaljf.com.br\/wp-content\/uploads\/2017\/11\/diario-int-21565-9.jpg\" alt=\"FOTOG.jpg\" width=\"680\" style=\"display: block; margin-left: auto; margin-right: auto;\" srcset=\"https:\/\/diarioregionaldigital.com.br\/wp-content\/uploads\/2017\/11\/diario-int-21565-9.jpg 680w, https:\/\/diarioregionaldigital.com.br\/wp-content\/uploads\/2017\/11\/diario-int-21565-9-300x198.jpg 300w, https:\/\/diarioregionaldigital.com.br\/wp-content\/uploads\/2017\/11\/diario-int-21565-9-360x238.jpg 360w\" sizes=\"(max-width: 680px) 100vw, 680px\" \/>Marcando territ\u00f3rio no Paola Buffet, Fernanda e Giulio Caruso<\/p>\n<p style=\"text-align: center;\"><img decoding=\"async\" class=\" size-full wp-image-86021\" src=\"http:\/\/diarioregionaljf.com.br\/wp-content\/uploads\/2017\/11\/diario-int-21565-10.jpg\" alt=\"FOTOH.jpg\" width=\"680\" style=\"display: block; margin-left: auto; margin-right: auto;\" srcset=\"https:\/\/diarioregionaldigital.com.br\/wp-content\/uploads\/2017\/11\/diario-int-21565-10.jpg 680w, https:\/\/diarioregionaldigital.com.br\/wp-content\/uploads\/2017\/11\/diario-int-21565-10-266x300.jpg 266w, https:\/\/diarioregionaldigital.com.br\/wp-content\/uploads\/2017\/11\/diario-int-21565-10-360x407.jpg 360w\" sizes=\"(max-width: 680px) 100vw, 680px\" \/>Amigos queridos curtindo sua zona de conforto, M\u00e1rcio Marques e Helenise Machado<\/p>\n<p style=\"text-align: center;\"><img decoding=\"async\" class=\" size-full wp-image-86022\" src=\"http:\/\/diarioregionaljf.com.br\/wp-content\/uploads\/2017\/11\/diario-int-21565-11.jpg\" alt=\"FOTOI.jpg\" width=\"680\" style=\"display: block; margin-left: auto; margin-right: auto;\" srcset=\"https:\/\/diarioregionaldigital.com.br\/wp-content\/uploads\/2017\/11\/diario-int-21565-11.jpg 680w, https:\/\/diarioregionaldigital.com.br\/wp-content\/uploads\/2017\/11\/diario-int-21565-11-266x300.jpg 266w, https:\/\/diarioregionaldigital.com.br\/wp-content\/uploads\/2017\/11\/diario-int-21565-11-360x407.jpg 360w\" sizes=\"(max-width: 680px) 100vw, 680px\" \/>Um close em Patrick Marocco<\/p>\n<p style=\"text-align: center;\"><img decoding=\"async\" class=\" size-full wp-image-86023\" src=\"http:\/\/diarioregionaljf.com.br\/wp-content\/uploads\/2017\/11\/diario-int-21565-12.jpg\" alt=\"FOTOJ.jpg\" width=\"680\" style=\"display: block; margin-left: auto; margin-right: auto;\" srcset=\"https:\/\/diarioregionaldigital.com.br\/wp-content\/uploads\/2017\/11\/diario-int-21565-12.jpg 680w, https:\/\/diarioregionaldigital.com.br\/wp-content\/uploads\/2017\/11\/diario-int-21565-12-266x300.jpg 266w, https:\/\/diarioregionaldigital.com.br\/wp-content\/uploads\/2017\/11\/diario-int-21565-12-360x407.jpg 360w\" sizes=\"(max-width: 680px) 100vw, 680px\" \/>O estilo elegante de Isabella Rodrigues<\/p>\n<p style=\"text-align: center;\"><img decoding=\"async\" class=\" size-full wp-image-86024\" src=\"http:\/\/diarioregionaljf.com.br\/wp-content\/uploads\/2017\/11\/diario-int-21565-13.jpg\" alt=\"FOTOL.jpg\" width=\"680\" style=\"display: block; margin-left: auto; margin-right: auto;\" srcset=\"https:\/\/diarioregionaldigital.com.br\/wp-content\/uploads\/2017\/11\/diario-int-21565-13.jpg 680w, https:\/\/diarioregionaldigital.com.br\/wp-content\/uploads\/2017\/11\/diario-int-21565-13-300x199.jpg 300w, https:\/\/diarioregionaldigital.com.br\/wp-content\/uploads\/2017\/11\/diario-int-21565-13-360x238.jpg 360w\" sizes=\"(max-width: 680px) 100vw, 680px\" \/>Iago Castro, em estilo Visual<\/p>\n<p class=\"h4\" style=\"text-align: center;\">FOTOSS\u00cdNTESE<\/p>\n<p>Din\u00e2mico e empreendedor M\u00e1rcio Marques (Pr\u00eamio Melhores de 2017), est\u00e1 com bel\u00edssimas novidades para fim de ano, em sua loja M. Marques, no Braz Shopping, 1\u00ba piso. As roupas da grife Fato B\u00e1sico, alinham modernidade e charme para elas e para eles. Um Show!<\/p>\n<p>Aten\u00e7\u00e3o: 17\u00ba Batalh\u00e3o Log\u00edstico do Ex\u00e9rcito Brasileiro realizar\u00e1, no dia 05 de dezembro, um leil\u00e3o de viaturas em 55 lotes entre caminh\u00f5es, carros, motos e \u00f4nibus. O leil\u00e3o acontece \u00e0s 9h, na sede do batalh\u00e3o, no Bairro F\u00e1brica.<\/p>\n<p>Carolina Magalh\u00e3es assina as ilustra\u00e7\u00f5es do livro da escritora Roseane Biason com tem\u00e1tica infantil para o tema \u201cOs gatos de pijama\u201d.<\/p>\n<p>O escrit\u00f3rio Moura Tavares, de Frederico Binato est\u00e1 comemorando sua inclus\u00e3o na revista \u201cAn\u00e1lise Advocacia 500\u201d. Foi considerado entre os mais admirados do pa\u00eds. Ponto para eles.<\/p>\n<p>A jornalista T\u00e2mara Lis est\u00e1 longe. Ela participa do 3\u00ba Congresso Internacional sobre Culturas \u2013 Interfaces da Lusofonia, apresentando artigo sobre a import\u00e2ncia do \u201cMovimento Hip Hop\u201d. O cen\u00e1rio \u00e9 de Portugal.<\/p>\n<p>Para o domingo, 26, o projeto Divers\u00e3o em Cena ArcelorMittal Transformando o a\u00e7o em imagina\u00e7\u00e3o, apresenta o espet\u00e1culo infantil \u201cSoldadinho de Chumbo\u201d, no Teatro Solar \u00e0s 16h. A realiza\u00e7\u00e3o \u00e9 da Cyntilante Produ\u00e7\u00f5es. Gr\u00e1tis.<\/p>\n<p>No domingo, 26, \u00e0s 19h, o cantor revela\u00e7\u00e3o de 2017, Wesley Ferry, se apresenta no Bar do Buneco, com Manoel Hon\u00f3rio.<\/p>\n<p>Douglas Euclides, faz sucesso com a Inove Consultoria. No dia 02 de dezembro, ele leva grupo para conhecer o circuito cervejeiro de Itaipava e Petr\u00f3polis.<\/p>\n<p>A professora Neide Magalh\u00e3es comemorou anivers\u00e1rio na badalada casa noturna Hippopotamus, no Rio de Janeiro.<\/p>\n<p>Para refletir: Em momento delicado onde precisamos pensar e relaxar, \u00e9 de bom tom vestir uma roupa limpa, tirar os sapatos e render homenagem ao sagrado! Bom dia.<\/p>\n","protected":false},"excerpt":{"rendered":"<p>Sucesso TotalDigna de todos os elogios, a escritora Cecy Barbosa Campos, est\u00e1 sendo em 2017, premiad\u00edssima em sua carreira l\u00fadica. Recentemente ela conquistou o terceiro lugar no Festival de Contos do Rio, com o Texto \u201cFelinos Felizes\u201d e ganhou o Pr\u00eamio Melhores Contistas de 2017, da Editora M\u00e1gico de Oz. Ent\u00e3o, palmas para ela. RequinteCom [&hellip;]<\/p>\n","protected":false},"author":96,"featured_media":86011,"comment_status":"closed","ping_status":"closed","sticky":false,"template":"","format":"standard","meta":{"footnotes":""},"categories":[264],"tags":[],"class_list":["post-86025","post","type-post","status-publish","format-standard","has-post-thumbnail","hentry","category-eduardo-gomes"],"_links":{"self":[{"href":"https:\/\/diarioregionaldigital.com.br\/index.php?rest_route=\/wp\/v2\/posts\/86025","targetHints":{"allow":["GET"]}}],"collection":[{"href":"https:\/\/diarioregionaldigital.com.br\/index.php?rest_route=\/wp\/v2\/posts"}],"about":[{"href":"https:\/\/diarioregionaldigital.com.br\/index.php?rest_route=\/wp\/v2\/types\/post"}],"author":[{"embeddable":true,"href":"https:\/\/diarioregionaldigital.com.br\/index.php?rest_route=\/wp\/v2\/users\/96"}],"replies":[{"embeddable":true,"href":"https:\/\/diarioregionaldigital.com.br\/index.php?rest_route=%2Fwp%2Fv2%2Fcomments&post=86025"}],"version-history":[{"count":0,"href":"https:\/\/diarioregionaldigital.com.br\/index.php?rest_route=\/wp\/v2\/posts\/86025\/revisions"}],"wp:featuredmedia":[{"embeddable":true,"href":"https:\/\/diarioregionaldigital.com.br\/index.php?rest_route=\/wp\/v2\/media\/86011"}],"wp:attachment":[{"href":"https:\/\/diarioregionaldigital.com.br\/index.php?rest_route=%2Fwp%2Fv2%2Fmedia&parent=86025"}],"wp:term":[{"taxonomy":"category","embeddable":true,"href":"https:\/\/diarioregionaldigital.com.br\/index.php?rest_route=%2Fwp%2Fv2%2Fcategories&post=86025"},{"taxonomy":"post_tag","embeddable":true,"href":"https:\/\/diarioregionaldigital.com.br\/index.php?rest_route=%2Fwp%2Fv2%2Ftags&post=86025"}],"curies":[{"name":"wp","href":"https:\/\/api.w.org\/{rel}","templated":true}]}}