{"id":86010,"date":"2017-11-24T19:28:17","date_gmt":"2017-11-24T21:28:17","guid":{"rendered":"http:\/\/diarioregionaljf.com.br\/2017\/11\/24\/ex-militar-e-preso-em-operacao-da-policia-civil-em-orizania\/"},"modified":"2017-11-24T19:28:17","modified_gmt":"2017-11-24T21:28:17","slug":"ex-militar-e-preso-em-operacao-da-policia-civil-em-orizania","status":"publish","type":"post","link":"https:\/\/diarioregionaldigital.com.br\/?p=86010","title":{"rendered":"Ex-militar \u00e9 preso em opera\u00e7\u00e3o da Pol\u00edcia Civil em Oriz\u00e2nia"},"content":{"rendered":"<p>Um ex-militar de 31 anos foi preso na manh\u00e3 desta sexta-feira, 24, em Oriz\u00e2nia (a cerca de 243 Km de Juiz de Fora), pela Pol\u00edcia Civil de Minas Gerais (PCMG), durante a Opera\u00e7\u00e3o \u201cG\u00e1s T\u00f3xico\u201d, iniciada no Rio de Janeiro. A a\u00e7\u00e3o ocorreu visando cumprir 24 mandados de busca e apreens\u00e3o, nove mandados de pris\u00e3o, seis mandados de verifica\u00e7\u00e3o e um mandado de condu\u00e7\u00e3o coercitiva.<\/p>\n<p>A opera\u00e7\u00e3o teve como objetivo desmontar uma quadrilha suspeita de, desde janeiro de 2017, mediante viol\u00eancia e grave amea\u00e7a, constranger os comerciantes e revendedores de botij\u00f5es de g\u00e1s do munic\u00edpio de Japeri a efetuarem dep\u00f3sitos peri\u00f3dicos em contas correntes indicadas pelos investigados. Al\u00e9m de obterem vantagens patrimoniais il\u00edcitas, a quadrilha impedia a livre concorr\u00eancia na regi\u00e3o, impondo taxas e ajustando pre\u00e7os, exercendo assim de forma \u201cmanu militari\u201d o controle regionalizado do mercado de g\u00e1s.<\/p>\n<p>O grupo de extorsion\u00e1rios era formado por um ex-candidato a vereador do munic\u00edpio de Japeri, um ex-policial militar, um assessor da Secretaria de Educa\u00e7\u00e3o da Prefeitura Municipal de S\u00e3o Jo\u00e3o do Meriti, um pastor evang\u00e9lico de Japeri, um cabo do Exercito Brasileiro e outro homem.<\/p>\n<p>Investiga\u00e7\u00f5es apontam que o investigado preso nessa a\u00e7\u00e3o intermediava e fornecia armas e muni\u00e7\u00f5es para a quadrilha. Os valores il\u00edcitos obtidos com a empreitada criminosa eram depositados na conta corrente de uma mulher e outras contas indicadas.<\/p>\n<p>Ap\u00f3s as formalidades, o suspeito foi encaminhado ao sistema prisional e est\u00e1 \u00e0 disposi\u00e7\u00e3o da Justi\u00e7a.<\/p>\n<p>&nbsp;<\/p>\n<p>Da reda\u00e7\u00e3o\/Assessoria<\/p>\n","protected":false},"excerpt":{"rendered":"<p>Um ex-militar de 31 anos foi preso na manh\u00e3 desta sexta-feira, 24, em Oriz\u00e2nia (a cerca de 243 Km de Juiz de Fora), pela Pol\u00edcia Civil de Minas Gerais (PCMG), durante a Opera\u00e7\u00e3o \u201cG\u00e1s T\u00f3xico\u201d, iniciada no Rio de Janeiro. A a\u00e7\u00e3o ocorreu visando cumprir 24 mandados de busca e apreens\u00e3o, nove mandados de pris\u00e3o, [&hellip;]<\/p>\n","protected":false},"author":96,"featured_media":86009,"comment_status":"closed","ping_status":"closed","sticky":false,"template":"","format":"standard","meta":{"footnotes":""},"categories":[252],"tags":[],"class_list":["post-86010","post","type-post","status-publish","format-standard","has-post-thumbnail","hentry","category-regiao"],"_links":{"self":[{"href":"https:\/\/diarioregionaldigital.com.br\/index.php?rest_route=\/wp\/v2\/posts\/86010","targetHints":{"allow":["GET"]}}],"collection":[{"href":"https:\/\/diarioregionaldigital.com.br\/index.php?rest_route=\/wp\/v2\/posts"}],"about":[{"href":"https:\/\/diarioregionaldigital.com.br\/index.php?rest_route=\/wp\/v2\/types\/post"}],"author":[{"embeddable":true,"href":"https:\/\/diarioregionaldigital.com.br\/index.php?rest_route=\/wp\/v2\/users\/96"}],"replies":[{"embeddable":true,"href":"https:\/\/diarioregionaldigital.com.br\/index.php?rest_route=%2Fwp%2Fv2%2Fcomments&post=86010"}],"version-history":[{"count":0,"href":"https:\/\/diarioregionaldigital.com.br\/index.php?rest_route=\/wp\/v2\/posts\/86010\/revisions"}],"wp:featuredmedia":[{"embeddable":true,"href":"https:\/\/diarioregionaldigital.com.br\/index.php?rest_route=\/wp\/v2\/media\/86009"}],"wp:attachment":[{"href":"https:\/\/diarioregionaldigital.com.br\/index.php?rest_route=%2Fwp%2Fv2%2Fmedia&parent=86010"}],"wp:term":[{"taxonomy":"category","embeddable":true,"href":"https:\/\/diarioregionaldigital.com.br\/index.php?rest_route=%2Fwp%2Fv2%2Fcategories&post=86010"},{"taxonomy":"post_tag","embeddable":true,"href":"https:\/\/diarioregionaldigital.com.br\/index.php?rest_route=%2Fwp%2Fv2%2Ftags&post=86010"}],"curies":[{"name":"wp","href":"https:\/\/api.w.org\/{rel}","templated":true}]}}