{"id":86008,"date":"2017-11-24T19:18:19","date_gmt":"2017-11-24T21:18:19","guid":{"rendered":"http:\/\/diarioregionaljf.com.br\/2017\/11\/24\/comissoes-debatem-tributacao-do-tabaco-para-a-promocao-da-saude\/"},"modified":"2017-11-24T19:18:19","modified_gmt":"2017-11-24T21:18:19","slug":"comissoes-debatem-tributacao-do-tabaco-para-a-promocao-da-saude","status":"publish","type":"post","link":"https:\/\/diarioregionaldigital.com.br\/?p=86008","title":{"rendered":"Comiss\u00f5es debatem tributa\u00e7\u00e3o do tabaco para a promo\u00e7\u00e3o da sa\u00fade"},"content":{"rendered":"<p>As comiss\u00f5es de Seguridade Social e Fam\u00edlia; e de Constitui\u00e7\u00e3o e Justi\u00e7a promovem, nesta quarta-feira, 29, audi\u00eancia p\u00fablica para discutir a tributa\u00e7\u00e3o do tabaco, sugeridas por propostas em an\u00e1lise na C\u00e2mara.<\/p>\n<p>O Projeto de Lei Complementar 4\/15, por exemplo, institui a Contribui\u00e7\u00e3o de Interven\u00e7\u00e3o no Dom\u00ednio Econ\u00f4mico (Cide) incidente sobre a fabrica\u00e7\u00e3o ou a importa\u00e7\u00e3o de tabaco e seus derivados, para o custeio de a\u00e7\u00f5es de tratamento \u00e0s v\u00edtimas do tabagismo. A proposta foi apresentada pelo deputado Alessandro Molon (Rede-RJ).<\/p>\n<p>J\u00e1 o Projeto de Lei 513\/99 institui o ressarcimento obrigat\u00f3rio aos estabelecimentos p\u00fablicos de sa\u00fade, pelas ind\u00fastrias de cigarros e derivados do tabaco, das despesas com o tratamento de pacientes portadores de doen\u00e7as provocadas ou agravadas pelo fumo, ainda que sejam fumantes passivos.<\/p>\n<p>O debate foi proposto pelo deputado Hiran Gon\u00e7alves (PP-RR). Segundo o parlamentar, a tributa\u00e7\u00e3o sobre a ind\u00fastria do tabaco na legisla\u00e7\u00e3o brasileira tem elevadas al\u00edquotas n\u00e3o observadas em outros produtos. \u201cNaturalmente, isso se justifica em virtude do objetivo extrafiscal da tributa\u00e7\u00e3o: desestimular algum comportamento do cidad\u00e3o\u201d, afirmou.<\/p>\n<h4>CONVIDADOS<\/h4>\n<p>Foram os convidados para discutir o assunto:<br \/>&#8211; o presidente do Sindicato Interestadual da Ind\u00fastria do Tabaco (Sinditabaco), Iro Sch\u00fcnke;<br \/>&#8211; o presidente da Confedera\u00e7\u00e3o Nacional da Ind\u00fastria (CNI), Robson Braga de Andrade;<br \/>&#8211; a secret\u00e1ria-executiva da Comiss\u00e3o Nacional para Implementa\u00e7\u00e3o da Conven\u00e7\u00e3o-Quadro para o Controle do Tabaco (CONICQ), Tania Cavalcante; e<br \/>&#8211; a diretora-executiva da Alian\u00e7a para o Controle do Tabagismo e Promo\u00e7\u00e3o da Sa\u00fade (ACT), Paula Johns.<br \/>A audi\u00eancia p\u00fablica ser\u00e1 realizada no plen\u00e1rio 1, a partir das 14h30.<\/p>\n<p>Fonte: Ag\u00eancia C\u00e2mara Not\u00edcias<\/p>\n","protected":false},"excerpt":{"rendered":"<p>As comiss\u00f5es de Seguridade Social e Fam\u00edlia; e de Constitui\u00e7\u00e3o e Justi\u00e7a promovem, nesta quarta-feira, 29, audi\u00eancia p\u00fablica para discutir a tributa\u00e7\u00e3o do tabaco, sugeridas por propostas em an\u00e1lise na C\u00e2mara. O Projeto de Lei Complementar 4\/15, por exemplo, institui a Contribui\u00e7\u00e3o de Interven\u00e7\u00e3o no Dom\u00ednio Econ\u00f4mico (Cide) incidente sobre a fabrica\u00e7\u00e3o ou a importa\u00e7\u00e3o [&hellip;]<\/p>\n","protected":false},"author":96,"featured_media":86007,"comment_status":"closed","ping_status":"closed","sticky":false,"template":"","format":"standard","meta":{"footnotes":""},"categories":[254],"tags":[],"class_list":["post-86008","post","type-post","status-publish","format-standard","has-post-thumbnail","hentry","category-politica"],"_links":{"self":[{"href":"https:\/\/diarioregionaldigital.com.br\/index.php?rest_route=\/wp\/v2\/posts\/86008","targetHints":{"allow":["GET"]}}],"collection":[{"href":"https:\/\/diarioregionaldigital.com.br\/index.php?rest_route=\/wp\/v2\/posts"}],"about":[{"href":"https:\/\/diarioregionaldigital.com.br\/index.php?rest_route=\/wp\/v2\/types\/post"}],"author":[{"embeddable":true,"href":"https:\/\/diarioregionaldigital.com.br\/index.php?rest_route=\/wp\/v2\/users\/96"}],"replies":[{"embeddable":true,"href":"https:\/\/diarioregionaldigital.com.br\/index.php?rest_route=%2Fwp%2Fv2%2Fcomments&post=86008"}],"version-history":[{"count":0,"href":"https:\/\/diarioregionaldigital.com.br\/index.php?rest_route=\/wp\/v2\/posts\/86008\/revisions"}],"wp:featuredmedia":[{"embeddable":true,"href":"https:\/\/diarioregionaldigital.com.br\/index.php?rest_route=\/wp\/v2\/media\/86007"}],"wp:attachment":[{"href":"https:\/\/diarioregionaldigital.com.br\/index.php?rest_route=%2Fwp%2Fv2%2Fmedia&parent=86008"}],"wp:term":[{"taxonomy":"category","embeddable":true,"href":"https:\/\/diarioregionaldigital.com.br\/index.php?rest_route=%2Fwp%2Fv2%2Fcategories&post=86008"},{"taxonomy":"post_tag","embeddable":true,"href":"https:\/\/diarioregionaldigital.com.br\/index.php?rest_route=%2Fwp%2Fv2%2Ftags&post=86008"}],"curies":[{"name":"wp","href":"https:\/\/api.w.org\/{rel}","templated":true}]}}