{"id":86006,"date":"2017-11-24T19:15:12","date_gmt":"2017-11-24T21:15:12","guid":{"rendered":"http:\/\/diarioregionaljf.com.br\/2017\/11\/24\/programa-vai-levar-startups-brasileiras-para-vender-no-exterior\/"},"modified":"2017-11-24T19:15:12","modified_gmt":"2017-11-24T21:15:12","slug":"programa-vai-levar-startups-brasileiras-para-vender-no-exterior","status":"publish","type":"post","link":"https:\/\/diarioregionaldigital.com.br\/?p=86006","title":{"rendered":"Programa vai levar startups brasileiras para vender no exterior"},"content":{"rendered":"<p>As pequenas empresas classificadas como startup v\u00e3o ter oportunidades de vender as suas ideias no exterior, fechar acordos bilaterais ou neg\u00f3cios com a ajuda de profissionais do governo e do setor privado por meio do novo programa StartOut Brasil lan\u00e7ado nesta sexta-feira, 24, em S\u00e3o Paulo. Est\u00e3o programadas quatro miss\u00f5es empresariais do g\u00eanero, a primeira prevista para dezembro em Paris. As demais est\u00e3o programadas para maio (Berlim); julho (Miami) e novembro (Lisboa).<\/p>\n<p>O lan\u00e7amento ocorreu com a participa\u00e7\u00e3o de representantes dos minist\u00e9rios das Rela\u00e7\u00f5es Exteriores e da Ind\u00fastria, Com\u00e9rcio Exterior e Servi\u00e7os; da Ag\u00eancia Brasileira de Promo\u00e7\u00e3o de Exporta\u00e7\u00f5es (Apex-Brasil); da Associa\u00e7\u00e3o Nacional de Entidades Promotoras de Empreendimentos Inovadores e do Servi\u00e7o Brasileiro de Apoio \u00e0s Micro e Pequenas Empresas (Sebrae).<\/p>\n<p>Para cada uma dessas iniciativas ser\u00e3o selecionadas 15 startups. Os interessados que forem selecionados em processo licitat\u00f3rio contar\u00e3o com consultoria especializada para se preparar para os neg\u00f3cios e as demais tratativas nos pa\u00edses programados que incluem visitas a empresas locais, incubadoras e aceleradoras, reuni\u00f5es, encontros para investidores, e apoio p\u00f3s-miss\u00e3o para defini\u00e7\u00e3o de estrat\u00e9gia de internacionaliza\u00e7\u00e3o ou softlanding.<\/p>\n<p>O secret\u00e1rio de Inova\u00e7\u00e3o e Novos Neg\u00f3cios do Minist\u00e9rio da Ind\u00fastria, Com\u00e9rcio Exterior e Servi\u00e7os, Marcos Vinicius de Souza, informou que os crit\u00e9rios de escolha levam em considera\u00e7\u00e3o entre outros itens o grau de inova\u00e7\u00e3o, a capacidade de integra\u00e7\u00e3o dos projetos ao ecossistema e maturidade das empresas. \u201cMuitas empresas t\u00eam tecnologia, mas falta experi\u00eancia para negociar\u201d, pontuou. A consultoria e o apoio, segundo ele, prosseguem ap\u00f3s o retorno da viagem.<\/p>\n<p>A diretora t\u00e9cnica do Sebrae, Heloisa Menezes, disse que \u201co programa vai identificar oportunidades, al\u00e9m da capacita\u00e7\u00e3o, a mentoria e consultoria especializada e voltadas de acordo com as especificidades de cada empresa\u201d.<\/p>\n<p>Tamb\u00e9m presente ao ato, o embaixador Roberto Jaguaribe falou sobre a vantagem do programa &#8220;cada pa\u00eds tem um c\u00f3digo de neg\u00f3cios\u201d. Ele defende que o Brasil precisa recuperar espa\u00e7os no mercado globalizado e que a China poderia ser um importante destino para essas iniciativas que podem render joint-venture (acordos comerciais), j\u00e1 que este pa\u00eds \u00e9 \u201crespons\u00e1vel\u201c por 30% do crescimento da economia no mundo \u201c.<\/p>\n<p>&nbsp;<\/p>\n<p>Fonte: Ag\u00eancia Brasil<\/p>\n","protected":false},"excerpt":{"rendered":"<p>As pequenas empresas classificadas como startup v\u00e3o ter oportunidades de vender as suas ideias no exterior, fechar acordos bilaterais ou neg\u00f3cios com a ajuda de profissionais do governo e do setor privado por meio do novo programa StartOut Brasil lan\u00e7ado nesta sexta-feira, 24, em S\u00e3o Paulo. Est\u00e3o programadas quatro miss\u00f5es empresariais do g\u00eanero, a primeira [&hellip;]<\/p>\n","protected":false},"author":96,"featured_media":86005,"comment_status":"closed","ping_status":"closed","sticky":false,"template":"","format":"standard","meta":{"footnotes":""},"categories":[261],"tags":[],"class_list":["post-86006","post","type-post","status-publish","format-standard","has-post-thumbnail","hentry","category-economia"],"_links":{"self":[{"href":"https:\/\/diarioregionaldigital.com.br\/index.php?rest_route=\/wp\/v2\/posts\/86006","targetHints":{"allow":["GET"]}}],"collection":[{"href":"https:\/\/diarioregionaldigital.com.br\/index.php?rest_route=\/wp\/v2\/posts"}],"about":[{"href":"https:\/\/diarioregionaldigital.com.br\/index.php?rest_route=\/wp\/v2\/types\/post"}],"author":[{"embeddable":true,"href":"https:\/\/diarioregionaldigital.com.br\/index.php?rest_route=\/wp\/v2\/users\/96"}],"replies":[{"embeddable":true,"href":"https:\/\/diarioregionaldigital.com.br\/index.php?rest_route=%2Fwp%2Fv2%2Fcomments&post=86006"}],"version-history":[{"count":0,"href":"https:\/\/diarioregionaldigital.com.br\/index.php?rest_route=\/wp\/v2\/posts\/86006\/revisions"}],"wp:featuredmedia":[{"embeddable":true,"href":"https:\/\/diarioregionaldigital.com.br\/index.php?rest_route=\/wp\/v2\/media\/86005"}],"wp:attachment":[{"href":"https:\/\/diarioregionaldigital.com.br\/index.php?rest_route=%2Fwp%2Fv2%2Fmedia&parent=86006"}],"wp:term":[{"taxonomy":"category","embeddable":true,"href":"https:\/\/diarioregionaldigital.com.br\/index.php?rest_route=%2Fwp%2Fv2%2Fcategories&post=86006"},{"taxonomy":"post_tag","embeddable":true,"href":"https:\/\/diarioregionaldigital.com.br\/index.php?rest_route=%2Fwp%2Fv2%2Ftags&post=86006"}],"curies":[{"name":"wp","href":"https:\/\/api.w.org\/{rel}","templated":true}]}}