{"id":86004,"date":"2017-11-24T19:03:35","date_gmt":"2017-11-24T21:03:35","guid":{"rendered":"http:\/\/diarioregionaljf.com.br\/2017\/11\/24\/aposentados-e-pensionistas-comecam-a-receber-segunda-parcela-do-13-salario\/"},"modified":"2017-11-24T19:03:35","modified_gmt":"2017-11-24T21:03:35","slug":"aposentados-e-pensionistas-comecam-a-receber-segunda-parcela-do-13-salario","status":"publish","type":"post","link":"https:\/\/diarioregionaldigital.com.br\/?p=86004","title":{"rendered":"Aposentados e pensionistas come\u00e7am a receber segunda parcela do 13\u00ba sal\u00e1rio"},"content":{"rendered":"<p>Aposentados e pensionistas do Instituto Nacional do Seguro Social (INSS) come\u00e7am a receber nesta sexta-feira, 24, a segunda parcela do d\u00e9cimo terceiro sal\u00e1rio. Os primeiros a receber s\u00e3o os que ganham at\u00e9 um sal\u00e1rio m\u00ednimo. A primeira parcela foi depositada entre os meses de agosto e setembro.<\/p>\n<p>O dep\u00f3sito da gratifica\u00e7\u00e3o ser\u00e1 feito junto com a folha de pagamento mensal do INSS, que come\u00e7a a ser depositada tamb\u00e9m nesta sexta-feira e segue at\u00e9 o dia 7 de dezembro.<\/p>\n<p>Mais de 29,7 milh\u00f5es de benefici\u00e1rios receber\u00e3o a segunda parte do abono anual, que representa uma entrada extra de recursos na economia de pelo menos R$20,4 bilh\u00f5es nos meses de novembro e dezembro. O pagamento dessa segunda parte do abono vir\u00e1 com o desconto do Imposto de Renda.<\/p>\n<p>Por lei, n\u00e3o t\u00eam direito ao d\u00e9cimo terceiro os segurados &#8211; 4, 6 milh\u00f5es &#8211; que recebem benef\u00edcios assistenciais (Loas).<\/p>\n<p>&nbsp;<\/p>\n<p>Fonte: Ag\u00eancia Brasil<\/p>\n","protected":false},"excerpt":{"rendered":"<p>Aposentados e pensionistas do Instituto Nacional do Seguro Social (INSS) come\u00e7am a receber nesta sexta-feira, 24, a segunda parcela do d\u00e9cimo terceiro sal\u00e1rio. Os primeiros a receber s\u00e3o os que ganham at\u00e9 um sal\u00e1rio m\u00ednimo. A primeira parcela foi depositada entre os meses de agosto e setembro. O dep\u00f3sito da gratifica\u00e7\u00e3o ser\u00e1 feito junto com [&hellip;]<\/p>\n","protected":false},"author":96,"featured_media":86003,"comment_status":"closed","ping_status":"closed","sticky":false,"template":"","format":"standard","meta":{"footnotes":""},"categories":[261],"tags":[],"class_list":["post-86004","post","type-post","status-publish","format-standard","has-post-thumbnail","hentry","category-economia"],"_links":{"self":[{"href":"https:\/\/diarioregionaldigital.com.br\/index.php?rest_route=\/wp\/v2\/posts\/86004","targetHints":{"allow":["GET"]}}],"collection":[{"href":"https:\/\/diarioregionaldigital.com.br\/index.php?rest_route=\/wp\/v2\/posts"}],"about":[{"href":"https:\/\/diarioregionaldigital.com.br\/index.php?rest_route=\/wp\/v2\/types\/post"}],"author":[{"embeddable":true,"href":"https:\/\/diarioregionaldigital.com.br\/index.php?rest_route=\/wp\/v2\/users\/96"}],"replies":[{"embeddable":true,"href":"https:\/\/diarioregionaldigital.com.br\/index.php?rest_route=%2Fwp%2Fv2%2Fcomments&post=86004"}],"version-history":[{"count":0,"href":"https:\/\/diarioregionaldigital.com.br\/index.php?rest_route=\/wp\/v2\/posts\/86004\/revisions"}],"wp:featuredmedia":[{"embeddable":true,"href":"https:\/\/diarioregionaldigital.com.br\/index.php?rest_route=\/wp\/v2\/media\/86003"}],"wp:attachment":[{"href":"https:\/\/diarioregionaldigital.com.br\/index.php?rest_route=%2Fwp%2Fv2%2Fmedia&parent=86004"}],"wp:term":[{"taxonomy":"category","embeddable":true,"href":"https:\/\/diarioregionaldigital.com.br\/index.php?rest_route=%2Fwp%2Fv2%2Fcategories&post=86004"},{"taxonomy":"post_tag","embeddable":true,"href":"https:\/\/diarioregionaldigital.com.br\/index.php?rest_route=%2Fwp%2Fv2%2Ftags&post=86004"}],"curies":[{"name":"wp","href":"https:\/\/api.w.org\/{rel}","templated":true}]}}