{"id":86002,"date":"2017-11-24T18:55:11","date_gmt":"2017-11-24T20:55:11","guid":{"rendered":"http:\/\/diarioregionaljf.com.br\/2017\/11\/24\/secretaria-de-saude-realiza-mutirao-de-testagem-rapida-para-detectar-hiv\/"},"modified":"2017-11-24T18:55:11","modified_gmt":"2017-11-24T20:55:11","slug":"secretaria-de-saude-realiza-mutirao-de-testagem-rapida-para-detectar-hiv","status":"publish","type":"post","link":"https:\/\/diarioregionaldigital.com.br\/?p=86002","title":{"rendered":"Secretaria de Sa\u00fade realiza mutir\u00e3o de testagem r\u00e1pida para detectar HIV"},"content":{"rendered":"<p>A partir desta segunda-feira, 27, o Departamento de Doen\u00e7as Sexualmente Transmiss\u00edveis (DST\/Aids) da Secretaria de Sa\u00fade (SS) iniciar\u00e1 mutir\u00e3o de testagem r\u00e1pida, com foco na detec\u00e7\u00e3o do v\u00edrus HIV. O exame, que ser\u00e1 realizado pelo Centro de Testagem e Aconselhamento (CTA), poder\u00e1 ser feito entre 8h e 17h, no pr\u00f3prio DST\/Aids, por qualquer cidad\u00e3o com idade acima de 12 anos, exposto a alguma situa\u00e7\u00e3o de risco, como rela\u00e7\u00e3o sexual sem preservativo e uso de seringas compartilhadas, entre outras. O mutir\u00e3o se estender\u00e1 at\u00e9 quarta-feira, 29.<\/p>\n<p>Apesar de o trabalho ser voltado para o v\u00edrus HIV, o departamento oferecer\u00e1 tamb\u00e9m exames para s\u00edfiles e hepatites B e C, que poder\u00e3o ser feitas conforme necessidade e avalia\u00e7\u00e3o do aconselhador. Para os exames, n\u00e3o s\u00e3o necess\u00e1rios jejum e encaminhamento m\u00e9dico. Entretanto, \u00e9 imprescind\u00edvel apresenta\u00e7\u00e3o de documento de identidade. Durante a avalia\u00e7\u00e3o, caso houver algum diagn\u00f3stico positivo, o cidad\u00e3o j\u00e1 poder\u00e1 ser encaminhado para o acompanhamento de tratamento no Servi\u00e7os de Assist\u00eancia Especializada (SAE) no DST\/Aids.<\/p>\n<p>O DST\/Aids fica no pr\u00e9dio da Vigil\u00e2ncia em Sa\u00fade, na Avenida dos Andradas, n\u00ba523, Morro da Gl\u00f3ria.<\/p>\n<p>&nbsp;<\/p>\n<p>Fonte: Assessoria<\/p>\n","protected":false},"excerpt":{"rendered":"<p>A partir desta segunda-feira, 27, o Departamento de Doen\u00e7as Sexualmente Transmiss\u00edveis (DST\/Aids) da Secretaria de Sa\u00fade (SS) iniciar\u00e1 mutir\u00e3o de testagem r\u00e1pida, com foco na detec\u00e7\u00e3o do v\u00edrus HIV. O exame, que ser\u00e1 realizado pelo Centro de Testagem e Aconselhamento (CTA), poder\u00e1 ser feito entre 8h e 17h, no pr\u00f3prio DST\/Aids, por qualquer cidad\u00e3o com [&hellip;]<\/p>\n","protected":false},"author":96,"featured_media":86001,"comment_status":"closed","ping_status":"closed","sticky":false,"template":"","format":"standard","meta":{"footnotes":""},"categories":[253],"tags":[],"class_list":["post-86002","post","type-post","status-publish","format-standard","has-post-thumbnail","hentry","category-cidade"],"_links":{"self":[{"href":"https:\/\/diarioregionaldigital.com.br\/index.php?rest_route=\/wp\/v2\/posts\/86002","targetHints":{"allow":["GET"]}}],"collection":[{"href":"https:\/\/diarioregionaldigital.com.br\/index.php?rest_route=\/wp\/v2\/posts"}],"about":[{"href":"https:\/\/diarioregionaldigital.com.br\/index.php?rest_route=\/wp\/v2\/types\/post"}],"author":[{"embeddable":true,"href":"https:\/\/diarioregionaldigital.com.br\/index.php?rest_route=\/wp\/v2\/users\/96"}],"replies":[{"embeddable":true,"href":"https:\/\/diarioregionaldigital.com.br\/index.php?rest_route=%2Fwp%2Fv2%2Fcomments&post=86002"}],"version-history":[{"count":0,"href":"https:\/\/diarioregionaldigital.com.br\/index.php?rest_route=\/wp\/v2\/posts\/86002\/revisions"}],"wp:featuredmedia":[{"embeddable":true,"href":"https:\/\/diarioregionaldigital.com.br\/index.php?rest_route=\/wp\/v2\/media\/86001"}],"wp:attachment":[{"href":"https:\/\/diarioregionaldigital.com.br\/index.php?rest_route=%2Fwp%2Fv2%2Fmedia&parent=86002"}],"wp:term":[{"taxonomy":"category","embeddable":true,"href":"https:\/\/diarioregionaldigital.com.br\/index.php?rest_route=%2Fwp%2Fv2%2Fcategories&post=86002"},{"taxonomy":"post_tag","embeddable":true,"href":"https:\/\/diarioregionaldigital.com.br\/index.php?rest_route=%2Fwp%2Fv2%2Ftags&post=86002"}],"curies":[{"name":"wp","href":"https:\/\/api.w.org\/{rel}","templated":true}]}}