{"id":85998,"date":"2017-11-24T18:30:42","date_gmt":"2017-11-24T20:30:42","guid":{"rendered":"http:\/\/diarioregionaljf.com.br\/2017\/11\/24\/settra-disponibiliza-onibus-extras-para-finais-da-copa-pjf-bahamas-e-prova-do-enade\/"},"modified":"2017-11-24T18:30:42","modified_gmt":"2017-11-24T20:30:42","slug":"settra-disponibiliza-onibus-extras-para-finais-da-copa-pjf-bahamas-e-prova-do-enade","status":"publish","type":"post","link":"https:\/\/diarioregionaldigital.com.br\/?p=85998","title":{"rendered":"Settra disponibiliza \u00f4nibus extras para finais da Copa PJF\/Bahamas e prova do Enade"},"content":{"rendered":"<p>A Secretaria de Transporte e Tr\u00e2nsito (Settra) da Prefeitura de Juiz de Fora (PJF) disponibilizar\u00e1 neste domingo, 26, \u00f4nibus extras para os jogos finais da 25\u00aa Copa Prefeitura\/Bahamas de Futebol Amador e a realiza\u00e7\u00e3o das provas do Exame Nacional de Desempenho de Estudantes (Enade) na Faculdade Machado Sobrinho. A tarifa ser\u00e1 cobrada no valor normal de R$3,10.<\/p>\n<p>&nbsp;<\/p>\n<h4>COPA PJF\/BAHAMAS<\/h4>\n<p>A partir das 8h, os carros da linha 517 (Est\u00e1dio) sair\u00e3o da Avenida Presidente Itamar Franco, em frente \u00e0 Ag\u00eancia de Prote\u00e7\u00e3o e Defesa do Consumidor (Procon). O itiner\u00e1rio, no sentido Centro\/bairro, ser\u00e1 pelas avenidas Presidente Itamar Franco e Eug\u00eanio do Nascimento, at\u00e9 ao Est\u00e1dio Municipal. A volta ser\u00e1 pelas avenidas Eug\u00eanio do Nascimento e Presidente Itamar Franco, ruas Doutor Paulo de Frontin e Halfeld e avenidas Presidente Get\u00falio Vargas e Presidente Itamar Franco. O embarque poder\u00e1 ser feito ao longo do trajeto.<\/p>\n<p>&nbsp;<\/p>\n<h4>ENADE NA MACHADO SOBRINHO<\/h4>\n<p>Para a prova, os ve\u00edculos ofertados ser\u00e3o da linha 214 \u2013 (Bairu \/ Cruzeiro do Sul). As sa\u00eddas do bairro est\u00e3o prevista para: 10h49, 11h04, 11h18, 11h33, 11h47, 12h02, 12h16 e 12h31. O itiner\u00e1rio pode ser consultado no <a href=\"https:\/\/www.pjf.mg.gov.br\/onibus\/itinerario\/index.php\">link<\/a>.<\/p>\n<p>Fonte: Ag\u00eancia Brasil<\/p>\n","protected":false},"excerpt":{"rendered":"<p>A Secretaria de Transporte e Tr\u00e2nsito (Settra) da Prefeitura de Juiz de Fora (PJF) disponibilizar\u00e1 neste domingo, 26, \u00f4nibus extras para os jogos finais da 25\u00aa Copa Prefeitura\/Bahamas de Futebol Amador e a realiza\u00e7\u00e3o das provas do Exame Nacional de Desempenho de Estudantes (Enade) na Faculdade Machado Sobrinho. A tarifa ser\u00e1 cobrada no valor normal [&hellip;]<\/p>\n","protected":false},"author":96,"featured_media":85997,"comment_status":"closed","ping_status":"closed","sticky":false,"template":"","format":"standard","meta":{"footnotes":""},"categories":[253],"tags":[],"class_list":["post-85998","post","type-post","status-publish","format-standard","has-post-thumbnail","hentry","category-cidade"],"_links":{"self":[{"href":"https:\/\/diarioregionaldigital.com.br\/index.php?rest_route=\/wp\/v2\/posts\/85998","targetHints":{"allow":["GET"]}}],"collection":[{"href":"https:\/\/diarioregionaldigital.com.br\/index.php?rest_route=\/wp\/v2\/posts"}],"about":[{"href":"https:\/\/diarioregionaldigital.com.br\/index.php?rest_route=\/wp\/v2\/types\/post"}],"author":[{"embeddable":true,"href":"https:\/\/diarioregionaldigital.com.br\/index.php?rest_route=\/wp\/v2\/users\/96"}],"replies":[{"embeddable":true,"href":"https:\/\/diarioregionaldigital.com.br\/index.php?rest_route=%2Fwp%2Fv2%2Fcomments&post=85998"}],"version-history":[{"count":0,"href":"https:\/\/diarioregionaldigital.com.br\/index.php?rest_route=\/wp\/v2\/posts\/85998\/revisions"}],"wp:featuredmedia":[{"embeddable":true,"href":"https:\/\/diarioregionaldigital.com.br\/index.php?rest_route=\/wp\/v2\/media\/85997"}],"wp:attachment":[{"href":"https:\/\/diarioregionaldigital.com.br\/index.php?rest_route=%2Fwp%2Fv2%2Fmedia&parent=85998"}],"wp:term":[{"taxonomy":"category","embeddable":true,"href":"https:\/\/diarioregionaldigital.com.br\/index.php?rest_route=%2Fwp%2Fv2%2Fcategories&post=85998"},{"taxonomy":"post_tag","embeddable":true,"href":"https:\/\/diarioregionaldigital.com.br\/index.php?rest_route=%2Fwp%2Fv2%2Ftags&post=85998"}],"curies":[{"name":"wp","href":"https:\/\/api.w.org\/{rel}","templated":true}]}}