{"id":85994,"date":"2017-11-24T18:07:32","date_gmt":"2017-11-24T20:07:32","guid":{"rendered":"http:\/\/diarioregionaljf.com.br\/2017\/11\/24\/projeto-veta-construcao-de-novas-unidades-prisionais-em-juiz-de-fora\/"},"modified":"2017-11-24T18:07:32","modified_gmt":"2017-11-24T20:07:32","slug":"projeto-veta-construcao-de-novas-unidades-prisionais-em-juiz-de-fora","status":"publish","type":"post","link":"https:\/\/diarioregionaldigital.com.br\/?p=85994","title":{"rendered":"Projeto veta constru\u00e7\u00e3o de novas unidades prisionais em Juiz de Fora"},"content":{"rendered":"<p>Tramita no Legislativo juiz-forano um Projeto de Lei (PL), de autoria da vereadora Sheila Oliveira (PTC), que pro\u00edbe a constru\u00e7\u00e3o de novas unidades prisionais no per\u00edmetro urbano de Juiz de Fora. Conforme a parlamentar, a proposta pretende garantir maior tranquilidade aos moradores da cidade que, atualmente, conta com diversas unidades prisionais instaladas em \u00e1rea urbana.<\/p>\n<p>\u201cO maior exemplo \u00e9 o bairro Linhares. Atualmente os moradores daquela regi\u00e3o s\u00e3o obrigados a conviver com tr\u00eas grandes complexos penitenci\u00e1rios. E esse n\u00famero pode ainda aumentar caso seja instalada no bairro a Associa\u00e7\u00e3o de Prote\u00e7\u00e3o e Assist\u00eancia ao Condenado (Apac)\u201d, destacou a vereadora.<\/p>\n<p>A vereadora defende que os infratores sejam penalizados por seus crimes, e que o Estado tem papel primordial na ressocializa\u00e7\u00e3o e recupera\u00e7\u00e3o de detentos e egressos do sistema penitenci\u00e1rios. Contudo, a popula\u00e7\u00e3o ordeira n\u00e3o pode ser prejudicada. \u201cA constru\u00e7\u00e3o de estabelecimentos prisionais gera medo e intranquilidade aos moradores residentes nas imedia\u00e7\u00f5es dessas unidades\u201d, enfatizou Sheila.<\/p>\n<p>O projeto ser\u00e1 apreciado pelas comiss\u00f5es da Casa Legislativa. Caso a proposta receba pareceres favor\u00e1veis quanto sua constitucionalidade e legalidade, ser\u00e1 votada em plen\u00e1rio. Em caso de aprova\u00e7\u00e3o pelos demais pares, a proposta seguir\u00e1 para avalia\u00e7\u00e3o do Executivo.<\/p>\n<p>Fonte: Assessoria<\/p>\n","protected":false},"excerpt":{"rendered":"<p>Tramita no Legislativo juiz-forano um Projeto de Lei (PL), de autoria da vereadora Sheila Oliveira (PTC), que pro\u00edbe a constru\u00e7\u00e3o de novas unidades prisionais no per\u00edmetro urbano de Juiz de Fora. Conforme a parlamentar, a proposta pretende garantir maior tranquilidade aos moradores da cidade que, atualmente, conta com diversas unidades prisionais instaladas em \u00e1rea urbana. [&hellip;]<\/p>\n","protected":false},"author":96,"featured_media":85993,"comment_status":"closed","ping_status":"closed","sticky":false,"template":"","format":"standard","meta":{"footnotes":""},"categories":[254],"tags":[],"class_list":["post-85994","post","type-post","status-publish","format-standard","has-post-thumbnail","hentry","category-politica"],"_links":{"self":[{"href":"https:\/\/diarioregionaldigital.com.br\/index.php?rest_route=\/wp\/v2\/posts\/85994","targetHints":{"allow":["GET"]}}],"collection":[{"href":"https:\/\/diarioregionaldigital.com.br\/index.php?rest_route=\/wp\/v2\/posts"}],"about":[{"href":"https:\/\/diarioregionaldigital.com.br\/index.php?rest_route=\/wp\/v2\/types\/post"}],"author":[{"embeddable":true,"href":"https:\/\/diarioregionaldigital.com.br\/index.php?rest_route=\/wp\/v2\/users\/96"}],"replies":[{"embeddable":true,"href":"https:\/\/diarioregionaldigital.com.br\/index.php?rest_route=%2Fwp%2Fv2%2Fcomments&post=85994"}],"version-history":[{"count":0,"href":"https:\/\/diarioregionaldigital.com.br\/index.php?rest_route=\/wp\/v2\/posts\/85994\/revisions"}],"wp:featuredmedia":[{"embeddable":true,"href":"https:\/\/diarioregionaldigital.com.br\/index.php?rest_route=\/wp\/v2\/media\/85993"}],"wp:attachment":[{"href":"https:\/\/diarioregionaldigital.com.br\/index.php?rest_route=%2Fwp%2Fv2%2Fmedia&parent=85994"}],"wp:term":[{"taxonomy":"category","embeddable":true,"href":"https:\/\/diarioregionaldigital.com.br\/index.php?rest_route=%2Fwp%2Fv2%2Fcategories&post=85994"},{"taxonomy":"post_tag","embeddable":true,"href":"https:\/\/diarioregionaldigital.com.br\/index.php?rest_route=%2Fwp%2Fv2%2Ftags&post=85994"}],"curies":[{"name":"wp","href":"https:\/\/api.w.org\/{rel}","templated":true}]}}