{"id":85992,"date":"2017-11-24T17:54:59","date_gmt":"2017-11-24T19:54:59","guid":{"rendered":"http:\/\/diarioregionaljf.com.br\/2017\/11\/24\/pl-que-trata-da-comercializacao-do-queijo-sera-debatido\/"},"modified":"2017-11-24T17:54:59","modified_gmt":"2017-11-24T19:54:59","slug":"pl-que-trata-da-comercializacao-do-queijo-sera-debatido","status":"publish","type":"post","link":"https:\/\/diarioregionaldigital.com.br\/?p=85992","title":{"rendered":"PL que trata da comercializa\u00e7\u00e3o do queijo ser\u00e1 debatido"},"content":{"rendered":"<p>A comercializa\u00e7\u00e3o do queijo artesanal ser\u00e1 tema de debate na Comiss\u00e3o de Desenvolvimento Econ\u00f4mico da Assembleia Legislativa de Minas Gerais (ALMG) na pr\u00f3xima quinta-feira, 30. A reuni\u00e3o, solicitada pelo deputado Agostinho Patrus Filho (PV), est\u00e1 marcada para 14h15 no Plenarinho IV.<\/p>\n<p>Um dos objetivos da reuni\u00e3o, de acordo com o deputado Agostinho Patrus Filho, \u00e9 discutir o Projeto de Lei (PL) 4.631\/17, de autoria do governador Fernando Pimentel. A proposta, encaminhada em setembro para a ALMG, disp\u00f5e sobre a produ\u00e7\u00e3o e a comercializa\u00e7\u00e3o de queijos artesanais no Estado.<\/p>\n<p>Al\u00e9m de alterar normas de funcionamento do setor e estabelecer par\u00e2metros para a fiscaliza\u00e7\u00e3o, o projeto apresenta estrat\u00e9gias de incentivo, como a qualifica\u00e7\u00e3o t\u00e9cnica dos produtores de queijo.<\/p>\n<p>\u201c\u00c9 imprescind\u00edvel a discuss\u00e3o acerca da legisla\u00e7\u00e3o sobre a produ\u00e7\u00e3o e comercializa\u00e7\u00e3o dos nossos produtos artesanais, em especial o queijo, que \u00e9 um dos nossos maiores patrim\u00f4nios\u201d, disse Agostinho Patrus Filho.<\/p>\n<p>O parlamentar afirmou que envolver pessoas que atuam na cadeia produtiva e de distribui\u00e7\u00e3o do queijo \u00e9 fundamental para aprimorar a norma que est\u00e1 em tramita\u00e7\u00e3o na Casa, de forma a garantir maior seguran\u00e7a a produtores, comerciantes e consumidores.<\/p>\n<p>Fonte: Assessoria<\/p>\n","protected":false},"excerpt":{"rendered":"<p>A comercializa\u00e7\u00e3o do queijo artesanal ser\u00e1 tema de debate na Comiss\u00e3o de Desenvolvimento Econ\u00f4mico da Assembleia Legislativa de Minas Gerais (ALMG) na pr\u00f3xima quinta-feira, 30. A reuni\u00e3o, solicitada pelo deputado Agostinho Patrus Filho (PV), est\u00e1 marcada para 14h15 no Plenarinho IV. Um dos objetivos da reuni\u00e3o, de acordo com o deputado Agostinho Patrus Filho, \u00e9 [&hellip;]<\/p>\n","protected":false},"author":96,"featured_media":85991,"comment_status":"closed","ping_status":"closed","sticky":false,"template":"","format":"standard","meta":{"footnotes":""},"categories":[254],"tags":[],"class_list":["post-85992","post","type-post","status-publish","format-standard","has-post-thumbnail","hentry","category-politica"],"_links":{"self":[{"href":"https:\/\/diarioregionaldigital.com.br\/index.php?rest_route=\/wp\/v2\/posts\/85992","targetHints":{"allow":["GET"]}}],"collection":[{"href":"https:\/\/diarioregionaldigital.com.br\/index.php?rest_route=\/wp\/v2\/posts"}],"about":[{"href":"https:\/\/diarioregionaldigital.com.br\/index.php?rest_route=\/wp\/v2\/types\/post"}],"author":[{"embeddable":true,"href":"https:\/\/diarioregionaldigital.com.br\/index.php?rest_route=\/wp\/v2\/users\/96"}],"replies":[{"embeddable":true,"href":"https:\/\/diarioregionaldigital.com.br\/index.php?rest_route=%2Fwp%2Fv2%2Fcomments&post=85992"}],"version-history":[{"count":0,"href":"https:\/\/diarioregionaldigital.com.br\/index.php?rest_route=\/wp\/v2\/posts\/85992\/revisions"}],"wp:featuredmedia":[{"embeddable":true,"href":"https:\/\/diarioregionaldigital.com.br\/index.php?rest_route=\/wp\/v2\/media\/85991"}],"wp:attachment":[{"href":"https:\/\/diarioregionaldigital.com.br\/index.php?rest_route=%2Fwp%2Fv2%2Fmedia&parent=85992"}],"wp:term":[{"taxonomy":"category","embeddable":true,"href":"https:\/\/diarioregionaldigital.com.br\/index.php?rest_route=%2Fwp%2Fv2%2Fcategories&post=85992"},{"taxonomy":"post_tag","embeddable":true,"href":"https:\/\/diarioregionaldigital.com.br\/index.php?rest_route=%2Fwp%2Fv2%2Ftags&post=85992"}],"curies":[{"name":"wp","href":"https:\/\/api.w.org\/{rel}","templated":true}]}}