{"id":85990,"date":"2017-11-24T17:50:47","date_gmt":"2017-11-24T19:50:47","guid":{"rendered":"http:\/\/diarioregionaljf.com.br\/2017\/11\/24\/pmdb-expulsa-senadora-katia-abreu\/"},"modified":"2017-11-24T17:50:47","modified_gmt":"2017-11-24T19:50:47","slug":"pmdb-expulsa-senadora-katia-abreu","status":"publish","type":"post","link":"https:\/\/diarioregionaldigital.com.br\/?p=85990","title":{"rendered":"PMDB expulsa senadora K\u00e1tia Abreu"},"content":{"rendered":"<p>Por unanimidade, a Comiss\u00e3o de \u00c9tica do PMDB decidiu nessa quinta-feira, 23, expulsar a senadora K\u00e1tia Abreu (TO) do partido. De acordo com o presidente da comiss\u00e3o, Eduardo Krause, os membros do colegiado acompanharam por unanimidade o voto da relatora do processo, Rosemary Soares Antunes Rainha. A decis\u00e3o da comiss\u00e3o foi comunicada de imediato ao presidente do PMDB, senador Romero Juc\u00e1 (RR).<\/p>\n<p>Em nota, Romero Juc\u00e1 disse que o PMDB acatar\u00e1 a decis\u00e3o da comiss\u00e3o. \u201cO partido acatar\u00e1 de imediato a decis\u00e3o do Conselho de \u00c9tica, que expulsou a senadora Katia Abreu. A medida demonstra nova fase de posicionamento do partido\u201d, diz a nota. Com a decis\u00e3o, a senadora dever\u00e1 ter cancelado o registro de filia\u00e7\u00e3o dela \u00e0 legenda.<\/p>\n<p>O processo para expulsar a senadora Katia Abreu teve in\u00edcio em setembro do ano passado ap\u00f3s ela ter votado contra a aprova\u00e7\u00e3o do impeachment de Dilma Rousseff, contrariando orienta\u00e7\u00e3o do partido. Ele foi a ministra da Agricultura na gest\u00e3o de Dilma Rousseff. A senadora ainda tem feito cr\u00edticas ao governo do presidente Michel Temer e se posicionado contra mat\u00e9rias enviadas pelo governo ao Congresso Nacional, como a reforma da Previd\u00eancia.<\/p>\n<p>Para a comiss\u00e3o de \u00e9tica da legenda, a senadora feriu o decoro.<\/p>\n<p>Em sua conta no Twitter, a senadora, que est\u00e1 fora do Brasil, afirmou &#8220;que ficar\u00e1 sem partido e que ir\u00e1 conversar com a popula\u00e7\u00e3o do Tocantins e &#8220;com as lideran\u00e7as s\u00e9rias do pa\u00eds antes de decidir o que ser\u00e1 melhor para meu estado e o Brasil&#8221;. &#8220;A minha expuls\u00e3o n\u00e3o \u00e9 uma puni\u00e7\u00e3o, \u00e9 biografia&#8221;, disse.<\/p>\n<p>Fonte: Ag\u00eancia Brasil<\/p>\n","protected":false},"excerpt":{"rendered":"<p>Por unanimidade, a Comiss\u00e3o de \u00c9tica do PMDB decidiu nessa quinta-feira, 23, expulsar a senadora K\u00e1tia Abreu (TO) do partido. De acordo com o presidente da comiss\u00e3o, Eduardo Krause, os membros do colegiado acompanharam por unanimidade o voto da relatora do processo, Rosemary Soares Antunes Rainha. A decis\u00e3o da comiss\u00e3o foi comunicada de imediato ao [&hellip;]<\/p>\n","protected":false},"author":96,"featured_media":85989,"comment_status":"closed","ping_status":"closed","sticky":false,"template":"","format":"standard","meta":{"footnotes":""},"categories":[254],"tags":[],"class_list":["post-85990","post","type-post","status-publish","format-standard","has-post-thumbnail","hentry","category-politica"],"_links":{"self":[{"href":"https:\/\/diarioregionaldigital.com.br\/index.php?rest_route=\/wp\/v2\/posts\/85990","targetHints":{"allow":["GET"]}}],"collection":[{"href":"https:\/\/diarioregionaldigital.com.br\/index.php?rest_route=\/wp\/v2\/posts"}],"about":[{"href":"https:\/\/diarioregionaldigital.com.br\/index.php?rest_route=\/wp\/v2\/types\/post"}],"author":[{"embeddable":true,"href":"https:\/\/diarioregionaldigital.com.br\/index.php?rest_route=\/wp\/v2\/users\/96"}],"replies":[{"embeddable":true,"href":"https:\/\/diarioregionaldigital.com.br\/index.php?rest_route=%2Fwp%2Fv2%2Fcomments&post=85990"}],"version-history":[{"count":0,"href":"https:\/\/diarioregionaldigital.com.br\/index.php?rest_route=\/wp\/v2\/posts\/85990\/revisions"}],"wp:featuredmedia":[{"embeddable":true,"href":"https:\/\/diarioregionaldigital.com.br\/index.php?rest_route=\/wp\/v2\/media\/85989"}],"wp:attachment":[{"href":"https:\/\/diarioregionaldigital.com.br\/index.php?rest_route=%2Fwp%2Fv2%2Fmedia&parent=85990"}],"wp:term":[{"taxonomy":"category","embeddable":true,"href":"https:\/\/diarioregionaldigital.com.br\/index.php?rest_route=%2Fwp%2Fv2%2Fcategories&post=85990"},{"taxonomy":"post_tag","embeddable":true,"href":"https:\/\/diarioregionaldigital.com.br\/index.php?rest_route=%2Fwp%2Fv2%2Ftags&post=85990"}],"curies":[{"name":"wp","href":"https:\/\/api.w.org\/{rel}","templated":true}]}}