{"id":85988,"date":"2017-11-24T17:43:39","date_gmt":"2017-11-24T19:43:39","guid":{"rendered":"http:\/\/diarioregionaljf.com.br\/2017\/11\/24\/toffoli-pede-vista-em-julgamento-do-stf-sobre-restricao-ao-foro-privilegiado\/"},"modified":"2017-11-24T17:43:39","modified_gmt":"2017-11-24T19:43:39","slug":"toffoli-pede-vista-em-julgamento-do-stf-sobre-restricao-ao-foro-privilegiado","status":"publish","type":"post","link":"https:\/\/diarioregionaldigital.com.br\/?p=85988","title":{"rendered":"Toffoli pede vista em julgamento do STF sobre restri\u00e7\u00e3o ao foro privilegiado"},"content":{"rendered":"<p>O ministro do Supremo Tribunal Federal (STF) Dias Toffoli pediu vista nessa quinta-feira, 23, do processo que trata sobre a restri\u00e7\u00e3o ao foro privilegiado &#8211; juridicamente chamado de foro por prerrogativa de fun\u00e7\u00e3o &#8211; para parlamentares. At\u00e9 o momento, oito integrantes da Corte se manifestaram a favor de algum tipo de restri\u00e7\u00e3o na compet\u00eancia da Corte Suprema para julgar crimes praticados por deputados e senadores. No entanto, h\u00e1 diverg\u00eancias sobre a situa\u00e7\u00e3o dos processos que j\u00e1 est\u00e3o em andamento. N\u00e3o h\u00e1 data para retomada do julgamento.<\/p>\n<p>De acordo com a maioria formada, deputados federais e senadores somente devem responder a processos no STF se o crime for praticado no exerc\u00edcio do mandato. No caso de delitos praticados antes do exerc\u00edcio do mandato, o parlamentar seria processado pela primeira inst\u00e2ncia da Justi\u00e7a, como qualquer cidad\u00e3o.<\/p>\n<p>Ao pedir mais tempo para analisar o caso, Toffoli afirmou que \u00e9 preciso avaliar as consequ\u00eancias da decis\u00e3o. Durante seu voto, o ministro rebateu cr\u00edticas sobre a lentid\u00e3o da Corte para julgar parlamentares em mat\u00e9rias criminais. Toffoli citou n\u00fameros que mostram a aus\u00eancia de investiga\u00e7\u00f5es paradas nos gabinetes.<\/p>\n<p>\u201cEstamos aqui a julgar constantemente os processos. N\u00e3o h\u00e1 que se falar em impunidade ou incapacidade de processamento de a\u00e7\u00f5es. Dizer que esta Corte n\u00e3o delibera, n\u00e3o investiga e n\u00e3o julga \u00e9 uma tremenda mentira\u201d.<\/p>\n<p>Na sess\u00e3o da tarde de ontem, votaram os ministros Alexandre de Moraes, que havia pedido vista do processo, Edson Fachin, Luiz Fux e Celso de Mello. Marco Aur\u00e9lio, Rosa Weber e C\u00e1rmen L\u00facia votaram nas sess\u00f5es anteriores.<\/p>\n<p>O voto condutor do julgamento foi proferido em junho pelo relator, Lu\u00eds Roberto Barroso. De acordo com o ministro, os detentores de foro privilegiado, como deputados e senadores, somente devem responder a processos criminais no STF se os fatos imputados a eles ocorrerem durante o mandato.<\/p>\n<p>O caso concreto que est\u00e1 sendo julgado envolve a restri\u00e7\u00e3o de foro do atual prefeito de Cabo Frio (RJ), o ex-deputado federal Marcos da Rocha Mendes. Ele chegou a ser empossado como suplente do deputado cassado Eduardo Cunha, mas renunciou ao mandato parlamentar para assumir o cargo no munic\u00edpio. O prefeito responde a uma a\u00e7\u00e3o penal no STF por suposta compra de votos, mas, em fun\u00e7\u00e3o da posse no Executivo municipal, o ministro Barroso se manifestou pelo retorno do processo \u00e0 primeira inst\u00e2ncia da Justi\u00e7a Eleitoral.<\/p>\n<p>Fonte: Ag\u00eancia Brasil<\/p>\n","protected":false},"excerpt":{"rendered":"<p>O ministro do Supremo Tribunal Federal (STF) Dias Toffoli pediu vista nessa quinta-feira, 23, do processo que trata sobre a restri\u00e7\u00e3o ao foro privilegiado &#8211; juridicamente chamado de foro por prerrogativa de fun\u00e7\u00e3o &#8211; para parlamentares. At\u00e9 o momento, oito integrantes da Corte se manifestaram a favor de algum tipo de restri\u00e7\u00e3o na compet\u00eancia da [&hellip;]<\/p>\n","protected":false},"author":96,"featured_media":85987,"comment_status":"closed","ping_status":"closed","sticky":false,"template":"","format":"standard","meta":{"footnotes":""},"categories":[254],"tags":[],"class_list":["post-85988","post","type-post","status-publish","format-standard","has-post-thumbnail","hentry","category-politica"],"_links":{"self":[{"href":"https:\/\/diarioregionaldigital.com.br\/index.php?rest_route=\/wp\/v2\/posts\/85988","targetHints":{"allow":["GET"]}}],"collection":[{"href":"https:\/\/diarioregionaldigital.com.br\/index.php?rest_route=\/wp\/v2\/posts"}],"about":[{"href":"https:\/\/diarioregionaldigital.com.br\/index.php?rest_route=\/wp\/v2\/types\/post"}],"author":[{"embeddable":true,"href":"https:\/\/diarioregionaldigital.com.br\/index.php?rest_route=\/wp\/v2\/users\/96"}],"replies":[{"embeddable":true,"href":"https:\/\/diarioregionaldigital.com.br\/index.php?rest_route=%2Fwp%2Fv2%2Fcomments&post=85988"}],"version-history":[{"count":0,"href":"https:\/\/diarioregionaldigital.com.br\/index.php?rest_route=\/wp\/v2\/posts\/85988\/revisions"}],"wp:featuredmedia":[{"embeddable":true,"href":"https:\/\/diarioregionaldigital.com.br\/index.php?rest_route=\/wp\/v2\/media\/85987"}],"wp:attachment":[{"href":"https:\/\/diarioregionaldigital.com.br\/index.php?rest_route=%2Fwp%2Fv2%2Fmedia&parent=85988"}],"wp:term":[{"taxonomy":"category","embeddable":true,"href":"https:\/\/diarioregionaldigital.com.br\/index.php?rest_route=%2Fwp%2Fv2%2Fcategories&post=85988"},{"taxonomy":"post_tag","embeddable":true,"href":"https:\/\/diarioregionaldigital.com.br\/index.php?rest_route=%2Fwp%2Fv2%2Ftags&post=85988"}],"curies":[{"name":"wp","href":"https:\/\/api.w.org\/{rel}","templated":true}]}}