{"id":85969,"date":"2017-11-24T10:57:04","date_gmt":"2017-11-24T12:57:04","guid":{"rendered":"http:\/\/diarioregionaljf.com.br\/2017\/11\/24\/assaltante-tenta-roubar-duas-padarias-em-seguida-na-getulio-vargas\/"},"modified":"2017-11-24T10:57:04","modified_gmt":"2017-11-24T12:57:04","slug":"assaltante-tenta-roubar-duas-padarias-em-seguida-na-getulio-vargas","status":"publish","type":"post","link":"https:\/\/diarioregionaldigital.com.br\/?p=85969","title":{"rendered":"Assaltante tenta roubar duas padarias em seguida na Get\u00falio Vargas"},"content":{"rendered":"<p>A Pol\u00edcia Militar (PM) registrou no in\u00edcio da manh\u00e3 desta quinta-feira, 23, duas tentativas de assalto a padarias na regi\u00e3o central de Juiz de Fora.<\/p>\n<p>Segundo informa\u00e7\u00f5es do registro de ocorr\u00eancias, a primeira tentativa se deu por volta das 6h15 da manh\u00e3, quando um indiv\u00edduo adentrou uma padaria na Avenida Get\u00falio Vargas, dirigiu-se ao caixa, colocou a m\u00e3o por debaixo da blusa simulando estar armado. O autor anunciou o assalto e amea\u00e7ando uma funcion\u00e1ria do estabelecimento, de 71 anos, exigiu que entregasse dinheiro e pertences.<\/p>\n<p>Durante a a\u00e7\u00e3o o assaltante retirou a m\u00e3o que estava debaixo da blusa, momento em que a funcion\u00e1ria percebeu que o mesmo n\u00e3o encontrava-se armado. Percebendo tal fato, a v\u00edtima n\u00e3o entregou nenhum pertence e acionou os demais funcion\u00e1rios, assustando o autor, que fugiu pela Avenida Get\u00falio Vargas, sem levar nenhum bem do estabelecimento e da v\u00edtima.<\/p>\n<p>Durante o registro da ocorr\u00eancia, a v\u00edtima relatou aos policiais que tamb\u00e9m recebeu informa\u00e7\u00f5es de que o mesmo assaltante teria tentado roubar outra padaria, tamb\u00e9m na Avenida Get\u00falio Vargas.<\/p>\n<p>De posse do relato, a PM se deslocou at\u00e9 o estabelecimento e em conversa com uma funcion\u00e1ria do local, de 27 anos, a mesma confirmou a tentativa de assalto.<\/p>\n<p>A funcion\u00e1ria explicou que por volta das 6h30, um indiv\u00edduo, com as mesmas caracter\u00edsticas relatadas pela v\u00edtima da tentativa anterior de assalto, teria entrado na padaria em atitude suspeita. O autor se aproximou do caixa, aguardou o \u00faltimo cliente da fila ser atendido e ent\u00e3o, com a m\u00e3o por debaixo da blusa, anunciou o assalto, exigindo dinheiro e pertences.<\/p>\n<p>Da mesma forma que no primeiro caso, o assaltante retirou a m\u00e3o que estava por debaixo da blusa e a funcion\u00e1ria notou que o mesmo n\u00e3o estava armado, momento em que chamou outras funcion\u00e1rios do estabelecimento para socorr\u00ea-la.<\/p>\n<p>Ao notar a movimenta\u00e7\u00e3o no local, o assaltante fugiu pela Avenida Get\u00falio Vargas em dire\u00e7\u00e3o \u00e0 Avenida Rio Branco, sem levar nenhum pertence.<\/p>\n<p>A PM mostrou uma foto do poss\u00edvel suspeito do crime \u00e0s duas funcion\u00e1rias das padarias. Ambas confirmaram se tratar do mesmo indiv\u00edduo, que seria um homem de 37 anos.<\/p>\n<p>A Pol\u00edcia Militar tamb\u00e9m confirmou que o assaltante foi <a href=\"http:\/\/www.diarioregionaljf.com.br\/policial\/21523-assaltante-ameaca-funcionaria-e-rouba-padaria-no-morro-da-gloria\">o mesmo que roubou uma padaria no Morro da Gl\u00f3ria na \u00faltima quarta-feira, 22.<\/a><\/p>\n<p>O indiv\u00edduo ainda n\u00e3o foi localizado.<\/p>\n","protected":false},"excerpt":{"rendered":"<p>A Pol\u00edcia Militar (PM) registrou no in\u00edcio da manh\u00e3 desta quinta-feira, 23, duas tentativas de assalto a padarias na regi\u00e3o central de Juiz de Fora. Segundo informa\u00e7\u00f5es do registro de ocorr\u00eancias, a primeira tentativa se deu por volta das 6h15 da manh\u00e3, quando um indiv\u00edduo adentrou uma padaria na Avenida Get\u00falio Vargas, dirigiu-se ao caixa, [&hellip;]<\/p>\n","protected":false},"author":96,"featured_media":85968,"comment_status":"closed","ping_status":"closed","sticky":false,"template":"","format":"standard","meta":{"footnotes":""},"categories":[301],"tags":[],"class_list":["post-85969","post","type-post","status-publish","format-standard","has-post-thumbnail","hentry","category-artigos-policiais"],"_links":{"self":[{"href":"https:\/\/diarioregionaldigital.com.br\/index.php?rest_route=\/wp\/v2\/posts\/85969","targetHints":{"allow":["GET"]}}],"collection":[{"href":"https:\/\/diarioregionaldigital.com.br\/index.php?rest_route=\/wp\/v2\/posts"}],"about":[{"href":"https:\/\/diarioregionaldigital.com.br\/index.php?rest_route=\/wp\/v2\/types\/post"}],"author":[{"embeddable":true,"href":"https:\/\/diarioregionaldigital.com.br\/index.php?rest_route=\/wp\/v2\/users\/96"}],"replies":[{"embeddable":true,"href":"https:\/\/diarioregionaldigital.com.br\/index.php?rest_route=%2Fwp%2Fv2%2Fcomments&post=85969"}],"version-history":[{"count":0,"href":"https:\/\/diarioregionaldigital.com.br\/index.php?rest_route=\/wp\/v2\/posts\/85969\/revisions"}],"wp:featuredmedia":[{"embeddable":true,"href":"https:\/\/diarioregionaldigital.com.br\/index.php?rest_route=\/wp\/v2\/media\/85968"}],"wp:attachment":[{"href":"https:\/\/diarioregionaldigital.com.br\/index.php?rest_route=%2Fwp%2Fv2%2Fmedia&parent=85969"}],"wp:term":[{"taxonomy":"category","embeddable":true,"href":"https:\/\/diarioregionaldigital.com.br\/index.php?rest_route=%2Fwp%2Fv2%2Fcategories&post=85969"},{"taxonomy":"post_tag","embeddable":true,"href":"https:\/\/diarioregionaldigital.com.br\/index.php?rest_route=%2Fwp%2Fv2%2Ftags&post=85969"}],"curies":[{"name":"wp","href":"https:\/\/api.w.org\/{rel}","templated":true}]}}