{"id":85960,"date":"2017-11-23T22:40:09","date_gmt":"2017-11-24T00:40:09","guid":{"rendered":"http:\/\/diarioregionaljf.com.br\/2017\/11\/23\/pastoral-do-surdo-arquidiocesana-promove-aulao-de-libras\/"},"modified":"2017-11-23T22:40:09","modified_gmt":"2017-11-24T00:40:09","slug":"pastoral-do-surdo-arquidiocesana-promove-aulao-de-libras","status":"publish","type":"post","link":"https:\/\/diarioregionaldigital.com.br\/?p=85960","title":{"rendered":"Pastoral do Surdo Arquidiocesana promove aul\u00e3o de LIBRAS"},"content":{"rendered":"<p>No pr\u00f3ximo s\u00e1bado, 25, a Pastoral do Surdo Monsenhor Vicente de Penido Burnier, da Arquidiocese de Juiz de Fora, realiza um Aul\u00e3o de LIBRAS (L\u00edngua Brasileira de Sinais). O Semin\u00e1rio Arquidiocesano Santo Ant\u00f4nio sedia o evento a partir das 14h.<\/p>\n<p>A aula ser\u00e1 oferecida para toda a comunidade surda, int\u00e9rpretes, alunos do Curso de LIBRAS, seus familiares e amigos. Os presentes participar\u00e3o de palestras, pr\u00e1ticas din\u00e2micas, quiz, momentos de intera\u00e7\u00e3o e conviv\u00eancia. Ao final, haver\u00e1 lanche partilhado. A entrada \u00e9 gratuita.<\/p>\n<p>O Semin\u00e1rio Santo Ant\u00f4nio fica na Avenida Bar\u00e3o do Rio Branco, n\u00ba4516, bairro Alto dos Passos.<\/p>\n<p>Mais informa\u00e7\u00f5es podem ser obtidas nos telefones (32) 3229-5450 ou (32) 3229-5485.<\/p>\n<p>&nbsp;<\/p>\n<p>Fonte: Assessoria<\/p>\n","protected":false},"excerpt":{"rendered":"<p>No pr\u00f3ximo s\u00e1bado, 25, a Pastoral do Surdo Monsenhor Vicente de Penido Burnier, da Arquidiocese de Juiz de Fora, realiza um Aul\u00e3o de LIBRAS (L\u00edngua Brasileira de Sinais). O Semin\u00e1rio Arquidiocesano Santo Ant\u00f4nio sedia o evento a partir das 14h. A aula ser\u00e1 oferecida para toda a comunidade surda, int\u00e9rpretes, alunos do Curso de LIBRAS, [&hellip;]<\/p>\n","protected":false},"author":96,"featured_media":85959,"comment_status":"closed","ping_status":"closed","sticky":false,"template":"","format":"standard","meta":{"footnotes":""},"categories":[253],"tags":[],"class_list":["post-85960","post","type-post","status-publish","format-standard","has-post-thumbnail","hentry","category-cidade"],"_links":{"self":[{"href":"https:\/\/diarioregionaldigital.com.br\/index.php?rest_route=\/wp\/v2\/posts\/85960","targetHints":{"allow":["GET"]}}],"collection":[{"href":"https:\/\/diarioregionaldigital.com.br\/index.php?rest_route=\/wp\/v2\/posts"}],"about":[{"href":"https:\/\/diarioregionaldigital.com.br\/index.php?rest_route=\/wp\/v2\/types\/post"}],"author":[{"embeddable":true,"href":"https:\/\/diarioregionaldigital.com.br\/index.php?rest_route=\/wp\/v2\/users\/96"}],"replies":[{"embeddable":true,"href":"https:\/\/diarioregionaldigital.com.br\/index.php?rest_route=%2Fwp%2Fv2%2Fcomments&post=85960"}],"version-history":[{"count":0,"href":"https:\/\/diarioregionaldigital.com.br\/index.php?rest_route=\/wp\/v2\/posts\/85960\/revisions"}],"wp:featuredmedia":[{"embeddable":true,"href":"https:\/\/diarioregionaldigital.com.br\/index.php?rest_route=\/wp\/v2\/media\/85959"}],"wp:attachment":[{"href":"https:\/\/diarioregionaldigital.com.br\/index.php?rest_route=%2Fwp%2Fv2%2Fmedia&parent=85960"}],"wp:term":[{"taxonomy":"category","embeddable":true,"href":"https:\/\/diarioregionaldigital.com.br\/index.php?rest_route=%2Fwp%2Fv2%2Fcategories&post=85960"},{"taxonomy":"post_tag","embeddable":true,"href":"https:\/\/diarioregionaldigital.com.br\/index.php?rest_route=%2Fwp%2Fv2%2Ftags&post=85960"}],"curies":[{"name":"wp","href":"https:\/\/api.w.org\/{rel}","templated":true}]}}