{"id":85958,"date":"2017-11-23T21:26:54","date_gmt":"2017-11-23T23:26:54","guid":{"rendered":"http:\/\/diarioregionaljf.com.br\/2017\/11\/23\/dia-do-doador-voluntario-de-sangue-e-comemorado-neste-sabado\/"},"modified":"2017-11-23T21:26:54","modified_gmt":"2017-11-23T23:26:54","slug":"dia-do-doador-voluntario-de-sangue-e-comemorado-neste-sabado","status":"publish","type":"post","link":"https:\/\/diarioregionaldigital.com.br\/?p=85958","title":{"rendered":"Dia do Doador Volunt\u00e1rio de Sangue \u00e9 comemorado neste s\u00e1bado"},"content":{"rendered":"<p>Neste s\u00e1bado, 25, comemora-se Dia do Doador Volunt\u00e1rio de Sangue. A data foi institu\u00edda atrav\u00e9s do Decreto de Lei N\u00b0 53.988, de 30 de junho de 1964, em alus\u00e3o ao anivers\u00e1rio da funda\u00e7\u00e3o da Associa\u00e7\u00e3o Brasileira de Doadores Volunt\u00e1rios de Sangue. Al\u00e9m de homenagear, o dia \u00e9 marcado pela conscientiza\u00e7\u00e3o sobre a import\u00e2ncia de ser um doador.<\/p>\n<p>A Funda\u00e7\u00e3o Hemominas de Juiz de Fora realiza uma semana especial, com diversas atividades em agradecimento pela contribui\u00e7\u00e3o dos doadores. \u201cEssa data \u00e9 muito importante, j\u00e1 que o sangue \u00e9 insubstitu\u00edvel e todos podem precisar dele um dia. Em raz\u00e3o disso, a gente reconhece o ato solid\u00e1rio com a semana do doador\u201d, afirma a respons\u00e1vel pela capta\u00e7\u00e3o e cadastro de doadores de sangue e medula \u00f3ssea da institui\u00e7\u00e3o, Lidiane Moura.<\/p>\n<p>Ela ressalta que o estoque de sangue de toda a rede est\u00e1 com baixa de 60% nos grupos negativos e 40% nos grupos positivos. E para atender a demanda de 58 hospitais de 28 cidades da regi\u00e3o, a semana do doador se torna fundamental. \u201cTemos uma meta di\u00e1ria de 160 doadores. Entretanto, neste per\u00edodo, conseguimos um volume maior. A data \u00e9 estrat\u00e9gica, j\u00e1 que no m\u00eas de dezembro recebemos poucas pessoas, em fun\u00e7\u00e3o de f\u00e9rias e das festividades do fim de ano. Por\u00e9m, na semana do doador, al\u00e9m de o homenagearmos, estamos garantindo estoque at\u00e9 a primeira quinzena do pr\u00f3ximo m\u00eas, por isso a import\u00e2ncia do dia\u201d, conta Lidiane.<\/p>\n<p>Doador desde 2011, o estudante Vitor Pereira de Almeida, 26 anos, relata que a doa\u00e7\u00e3o \u00e9 mais que um ato de solidariedade, \u00e9 a forma de salvar vidas. \u201cA gente ajuda pessoas que n\u00e3o conhecemos, e tamb\u00e9m voc\u00ea nunca sabe quando vai precisar. \u00c9 uma situa\u00e7\u00e3o que, se todos colaborassem, o estoque n\u00e3o estaria baixo. A doa\u00e7\u00e3o deveria estar na rotina das pessoas, sem ser uma exce\u00e7\u00e3o. Temos esse dever de colaborar e ajudar a quem precisa\u201d, destaca.<\/p>\n<p>Para quem tem o interesse em doar sangue, \u00e9 necess\u00e1rio atender a alguns requisitos. O candidato deve ter entre 16 e 69 anos, estar com a sa\u00fade em dia e ter peso igual ou superior a 51 quilos. Bebidas alco\u00f3licas devem ser evitadas at\u00e9 12 horas antes e cigarros tamb\u00e9m t\u00eam restri\u00e7\u00f5es. Os menores devem estar acompanhados de um respons\u00e1vel. \u201cQuem n\u00e3o conhece pode nos visitar e tentar fazer uma doa\u00e7\u00e3o. Estamos convidando a popula\u00e7\u00e3o para que se sensibilize com a causa\u201d, ratifica Lidiane.<\/p>\n<p>As doa\u00e7\u00f5es podem ser realizadas de segunda a sexta, das 7h \u00e0s 18h, e aos s\u00e1bados, das 7h \u00e0s 11h. Basta comparecer ao Hemominas, na Rua Bar\u00e3o de Cataguases, com documento original com foto.<\/p>\n","protected":false},"excerpt":{"rendered":"<p>Neste s\u00e1bado, 25, comemora-se Dia do Doador Volunt\u00e1rio de Sangue. A data foi institu\u00edda atrav\u00e9s do Decreto de Lei N\u00b0 53.988, de 30 de junho de 1964, em alus\u00e3o ao anivers\u00e1rio da funda\u00e7\u00e3o da Associa\u00e7\u00e3o Brasileira de Doadores Volunt\u00e1rios de Sangue. Al\u00e9m de homenagear, o dia \u00e9 marcado pela conscientiza\u00e7\u00e3o sobre a import\u00e2ncia de ser [&hellip;]<\/p>\n","protected":false},"author":96,"featured_media":0,"comment_status":"closed","ping_status":"closed","sticky":false,"template":"","format":"standard","meta":{"footnotes":""},"categories":[253],"tags":[],"class_list":["post-85958","post","type-post","status-publish","format-standard","hentry","category-cidade"],"_links":{"self":[{"href":"https:\/\/diarioregionaldigital.com.br\/index.php?rest_route=\/wp\/v2\/posts\/85958","targetHints":{"allow":["GET"]}}],"collection":[{"href":"https:\/\/diarioregionaldigital.com.br\/index.php?rest_route=\/wp\/v2\/posts"}],"about":[{"href":"https:\/\/diarioregionaldigital.com.br\/index.php?rest_route=\/wp\/v2\/types\/post"}],"author":[{"embeddable":true,"href":"https:\/\/diarioregionaldigital.com.br\/index.php?rest_route=\/wp\/v2\/users\/96"}],"replies":[{"embeddable":true,"href":"https:\/\/diarioregionaldigital.com.br\/index.php?rest_route=%2Fwp%2Fv2%2Fcomments&post=85958"}],"version-history":[{"count":0,"href":"https:\/\/diarioregionaldigital.com.br\/index.php?rest_route=\/wp\/v2\/posts\/85958\/revisions"}],"wp:attachment":[{"href":"https:\/\/diarioregionaldigital.com.br\/index.php?rest_route=%2Fwp%2Fv2%2Fmedia&parent=85958"}],"wp:term":[{"taxonomy":"category","embeddable":true,"href":"https:\/\/diarioregionaldigital.com.br\/index.php?rest_route=%2Fwp%2Fv2%2Fcategories&post=85958"},{"taxonomy":"post_tag","embeddable":true,"href":"https:\/\/diarioregionaldigital.com.br\/index.php?rest_route=%2Fwp%2Fv2%2Ftags&post=85958"}],"curies":[{"name":"wp","href":"https:\/\/api.w.org\/{rel}","templated":true}]}}