{"id":85946,"date":"2017-11-23T20:30:02","date_gmt":"2017-11-23T22:30:02","guid":{"rendered":"http:\/\/diarioregionaljf.com.br\/2017\/11\/23\/partido-novo-apresenta-suas-propostas-para-a-politica\/"},"modified":"2017-11-23T20:30:02","modified_gmt":"2017-11-23T22:30:02","slug":"partido-novo-apresenta-suas-propostas-para-a-politica","status":"publish","type":"post","link":"https:\/\/diarioregionaldigital.com.br\/?p=85946","title":{"rendered":"Partido Novo apresenta suas propostas para a pol\u00edtica"},"content":{"rendered":"<p>\u201cO Novo tem uma proposta, assim como a ess\u00eancia da palavra, de transformar a pol\u00edtica, inserindo pessoas em meio a ela para lutar e colaborar com a sociedade\u201d. \u00c9 com essa frase que coordenador da Mesorregi\u00e3o da Zona da Mata, Frederico Miana, classifica a ideia do partido Novo. Fundado em fevereiro de 2011 por um grupo de 181 pessoas que n\u00e3o tinham contato anterior com o mundo pol\u00edtico, o Novo vem com um novo vi\u00e9s para a pol\u00edtica nacional.<\/p>\n<p>Defendendo bandeiras como a redu\u00e7\u00e3o da presen\u00e7a do Estado na economia, a privatiza\u00e7\u00e3o, o corte de impostos e maior efici\u00eancia na gest\u00e3o do Estado, os representantes do partido acreditam que a melhor forma de administrar o pa\u00eds est\u00e1 na popula\u00e7\u00e3o. \u201cPara chegar l\u00e1, precisamos envolver as pessoas comuns, para fazerem o bem comum. A gente entende que um dos motivos da corrup\u00e7\u00e3o ser como hoje, da inefici\u00eancia do Estado, passa pelo tamanho do Estado, que impede que seja eficaz onde precisa estar presente. Educa\u00e7\u00e3o prim\u00e1ria, sa\u00fade e seguran\u00e7a deveriam ser as propostas dele, mas ele n\u00e3o consegue fazer, pois se submete a gerir quest\u00f5es que as empresas poderiam resolver, como, por exemplo, os bancos, correios, empresas de petr\u00f3leo, coisas que o pr\u00f3prio setor privado pode administrar\u201d, refor\u00e7a Miana.<\/p>\n<p>O partido, que em 2015 teve seu registro aprovado pelo Tribunal Superior Eleitoral (TSE), conta, atualmente, com cerca de 15 mil filiados, que contribuem com quase R$30 por m\u00eas. Ano que vem ser\u00e1 a primeira vez que o Novo participa das elei\u00e7\u00f5es nacionais, tendo como l\u00edder o empres\u00e1rio Jo\u00e3o Amo\u00eado, definido como pr\u00e9-candidato \u00e0 presid\u00eancia do partido. \u201cEm 2016, tivemos quatro candidatos eleitos em diferentes estados do pa\u00eds. \u00c0 \u00e9poca n\u00e3o t\u00ednhamos recursos, j\u00e1 que n\u00e3o utilizamos dinheiro p\u00fablico, provindos do fundo partid\u00e1rio. O Novo \u00e9 mantido por seus filiados e seguiremos com esses princ\u00edpios para o pr\u00f3ximo ano\u201d, ressalta Miana.<\/p>\n<p>Na ter\u00e7a-feira, 21, o partido Novo realizou encontro em Juiz de Fora, no Premier Parc Hotel. O evento contou com a presen\u00e7a de Jo\u00e3o Amo\u00eado, do tamb\u00e9m empres\u00e1rio Romeu Zema, do grupo Zema, taxado como pr\u00e9-candidato ao governo de Minas de Gerais, e do empreendedor Geraldo Rufino, pr\u00e9-candidato ao Senado em S\u00e3o Paulo, al\u00e9m de outras lideran\u00e7as pol\u00edticas.<\/p>\n","protected":false},"excerpt":{"rendered":"<p>\u201cO Novo tem uma proposta, assim como a ess\u00eancia da palavra, de transformar a pol\u00edtica, inserindo pessoas em meio a ela para lutar e colaborar com a sociedade\u201d. \u00c9 com essa frase que coordenador da Mesorregi\u00e3o da Zona da Mata, Frederico Miana, classifica a ideia do partido Novo. Fundado em fevereiro de 2011 por um [&hellip;]<\/p>\n","protected":false},"author":96,"featured_media":0,"comment_status":"closed","ping_status":"closed","sticky":false,"template":"","format":"standard","meta":{"footnotes":""},"categories":[253],"tags":[],"class_list":["post-85946","post","type-post","status-publish","format-standard","hentry","category-cidade"],"_links":{"self":[{"href":"https:\/\/diarioregionaldigital.com.br\/index.php?rest_route=\/wp\/v2\/posts\/85946","targetHints":{"allow":["GET"]}}],"collection":[{"href":"https:\/\/diarioregionaldigital.com.br\/index.php?rest_route=\/wp\/v2\/posts"}],"about":[{"href":"https:\/\/diarioregionaldigital.com.br\/index.php?rest_route=\/wp\/v2\/types\/post"}],"author":[{"embeddable":true,"href":"https:\/\/diarioregionaldigital.com.br\/index.php?rest_route=\/wp\/v2\/users\/96"}],"replies":[{"embeddable":true,"href":"https:\/\/diarioregionaldigital.com.br\/index.php?rest_route=%2Fwp%2Fv2%2Fcomments&post=85946"}],"version-history":[{"count":0,"href":"https:\/\/diarioregionaldigital.com.br\/index.php?rest_route=\/wp\/v2\/posts\/85946\/revisions"}],"wp:attachment":[{"href":"https:\/\/diarioregionaldigital.com.br\/index.php?rest_route=%2Fwp%2Fv2%2Fmedia&parent=85946"}],"wp:term":[{"taxonomy":"category","embeddable":true,"href":"https:\/\/diarioregionaldigital.com.br\/index.php?rest_route=%2Fwp%2Fv2%2Fcategories&post=85946"},{"taxonomy":"post_tag","embeddable":true,"href":"https:\/\/diarioregionaldigital.com.br\/index.php?rest_route=%2Fwp%2Fv2%2Ftags&post=85946"}],"curies":[{"name":"wp","href":"https:\/\/api.w.org\/{rel}","templated":true}]}}